{"id":98,"date":"2009-06-03T10:54:08","date_gmt":"2009-06-03T08:54:08","guid":{"rendered":"http:\/\/www.xmj.livenet.pl\/blog\/?p=98"},"modified":"2011-03-08T19:27:03","modified_gmt":"2011-03-08T17:27:03","slug":"beskidzkie-rekolekcje-dzieje-przyjazni","status":"publish","type":"post","link":"https:\/\/umacieja.net\/blog\/?p=98","title":{"rendered":"&#8222;Beskidzkie rekolekcje. Dzieje przyja\u017ani&#8230;&#8221;"},"content":{"rendered":"<p style=\"text-align: center\"><img decoding=\"async\" loading=\"lazy\" src=\"http:\/\/umacieja.net\/galeria\/albums\/userpics\/Obraz_014.jpg\" height=\"369\" width=\"492\" \/><\/p>\n<p>&#8222;Droga moja Dusiu, Kochana Dusiu&#8221; &#8211; tak zazwyczaj rozpoczynaj\u0105 si\u0119 listy Karola Wojty\u0142y do Wandy P\u00f3\u0142tawskiej. Kto je przeczyta\u0142, ten zrozumie jak wielkimi lud\u017ami s\u0105 pisz\u0105ce te listy. Ile\u017c tam jest zatroskania, ciep\u0142a, dobroci, wra\u017cliwo\u015bci, pi\u0119kna, g\u0142\u0119bi, zrozumienia, t\u0119sknoty, oczekiwania, wiary, modlitwy, wsp\u00f3lno\u015bci. Jak mo\u017cna by\u0107 nieludzkim, \u017ceby twierdzi\u0107, i\u017c ta korespondencja przyjacielska mo\u017ce op\u00f3\u017ani\u0107 beatyfikacj\u0119 Jana Paw\u0142a II! To ona raczej powinna przyspieszy\u0107 wyniesienie na o\u0142tarze Ojca \u015awi\u0119tego. Najwa\u017cniejsze jest to, aby by\u0107 cz\u0142owiekiem!<\/p>\n<p>Sam chcia\u0142bym si\u0119 nauczy\u0107 tak w\u0142a\u015bnie pisa\u0107 listy (na papierze). Ciekawe, kiedy ostatni taki list napisa\u0142em? I mie\u0107 czas na to. Bo dzi\u015b to cz\u0119sto t\u0142umaczymy si\u0119, \u017ce nie mam czasu, nie potrafi\u0119, nie chce mi si\u0119&#8230; pisa\u0107. Wolimy sms-a napisa\u0107, e-maila, pogada\u0107 na gg. Wiem, jak trudno jest chocia\u017cby napisa\u0107 komu\u015b komentarz na blogu.<\/p>\n<p>Karol Wojty\u0142a by\u0142 cz\u0142owiekiem i by\u0142 z lud\u017ami tam, gdzie si\u0119 spotykali. Potrafi\u0142 si\u0119 spotka\u0107 te\u017c w li\u015bcie. Dzisiaj &#8211; tak przypuszczam &#8211; pisa\u0142by bloga i komentowa\u0142 blogi przyjaci\u00f3\u0142 &#8211; w tym kochanej Dusi. No bo w\u0142a\u015bnie np. czym by\u0142y czytane i komentowany dzi\u015b na ca\u0142ym \u015bwiecie: Dzienniczek \u015bw. Faustyny Kowalskiej albo listy \u015bw. Paw\u0142a Aposto\u0142a &#8211; jak nie \u00f3wczesnym blogiem?<\/p>\n<p>Czy mozna si\u0119 gorszy\u0107 przyja\u017ani\u0105 kobiety z ksi\u0119dzem (biskupem, kardyna\u0142em, papie\u017cem&#8230;?)<\/p>\n<p>Drodzy moi i kochani! Ciesz\u0119 si\u0119, \u017ce tu pod moj\u0105 strzech\u0119 zagl\u0105dacie. \u017be zostawiacie \u015blady. Ja &#8222;zostawiam Was w r\u0119kach Bo\u017cych. \u0141aska Bo\u017ca jest pot\u0119\u017cniejsza od naszej s\u0142abo\u015bci. Wszystko mog\u0119 w Tym, kt\u00f3ry mnie umacnia. Nie przestaj\u0119 modli\u0107 si\u0119 z Wami i za Was&#8221;.<\/p>\n","protected":false},"excerpt":{"rendered":"<p>&#8222;Droga moja Dusiu, Kochana Dusiu&#8221; &#8211; tak zazwyczaj rozpoczynaj\u0105 si\u0119 listy Karola Wojty\u0142y do Wandy P\u00f3\u0142tawskiej. Kto je przeczyta\u0142, ten zrozumie jak wielkimi lud\u017ami s\u0105 pisz\u0105ce te listy. Ile\u017c tam jest zatroskania, ciep\u0142a, dobroci, wra\u017cliwo\u015bci, pi\u0119kna, g\u0142\u0119bi, zrozumienia, t\u0119sknoty, oczekiwania, wiary, modlitwy, wsp\u00f3lno\u015bci. Jak mo\u017cna by\u0107 nieludzkim, \u017ceby twierdzi\u0107, i\u017c ta korespondencja przyjacielska mo\u017ce op\u00f3\u017ani\u0107 [&hellip;]<\/p>\n","protected":false},"author":1,"featured_media":0,"comment_status":"open","ping_status":"closed","sticky":false,"template":"","format":"standard","meta":{"ngg_post_thumbnail":0},"categories":[1],"tags":[],"_links":{"self":[{"href":"https:\/\/umacieja.net\/blog\/index.php?rest_route=\/wp\/v2\/posts\/98"}],"collection":[{"href":"https:\/\/umacieja.net\/blog\/index.php?rest_route=\/wp\/v2\/posts"}],"about":[{"href":"https:\/\/umacieja.net\/blog\/index.php?rest_route=\/wp\/v2\/types\/post"}],"author":[{"embeddable":true,"href":"https:\/\/umacieja.net\/blog\/index.php?rest_route=\/wp\/v2\/users\/1"}],"replies":[{"embeddable":true,"href":"https:\/\/umacieja.net\/blog\/index.php?rest_route=%2Fwp%2Fv2%2Fcomments&post=98"}],"version-history":[{"count":0,"href":"https:\/\/umacieja.net\/blog\/index.php?rest_route=\/wp\/v2\/posts\/98\/revisions"}],"wp:attachment":[{"href":"https:\/\/umacieja.net\/blog\/index.php?rest_route=%2Fwp%2Fv2%2Fmedia&parent=98"}],"wp:term":[{"taxonomy":"category","embeddable":true,"href":"https:\/\/umacieja.net\/blog\/index.php?rest_route=%2Fwp%2Fv2%2Fcategories&post=98"},{"taxonomy":"post_tag","embeddable":true,"href":"https:\/\/umacieja.net\/blog\/index.php?rest_route=%2Fwp%2Fv2%2Ftags&post=98"}],"curies":[{"name":"wp","href":"https:\/\/api.w.org\/{rel}","templated":true}]}}