{"id":97,"date":"2009-06-01T22:21:16","date_gmt":"2009-06-01T20:21:16","guid":{"rendered":"http:\/\/www.xmj.livenet.pl\/blog\/?p=97"},"modified":"2011-03-08T19:27:23","modified_gmt":"2011-03-08T17:27:23","slug":"kosciol-moja-matka","status":"publish","type":"post","link":"https:\/\/umacieja.net\/blog\/?p=97","title":{"rendered":"Ko\u015bci\u00f3\u0142 moja Matka"},"content":{"rendered":"<p style=\"text-align: center\"><img decoding=\"async\" loading=\"lazy\" src=\"http:\/\/umacieja.net\/galeria\/albums\/userpics\/Obraz_353.jpg\" height=\"508\" width=\"380\" \/><\/p>\n<p>Dzisiaj, w drugi dzie\u0144 Zes\u0142ania Ducha \u015awi\u0119tego, Ko\u015bci\u00f3\u0142 pos\u0142a\u0142 mnie na po\u015bwi\u0119cenie p\u00f3l w jednej z nielicznych wsi w naszej parafii &#8211; do Gostkowa. Patronk\u0105 dnia jest Maryja &#8211; Matka Ko\u015bcio\u0142a. Wie\u015b ta &#8211; jak twierdzi Proboszcz &#8211; stosunkowo najliczniej ucz\u0119szcza na Msze do ko\u015bcio\u0142a. Dziwna to wie\u015b, bo tam jest tylko jeden rolnik, kt\u00f3ry \u017cyje z ziemi.<\/p>\n<p>O czym powiedzie\u0107 tym ludziom, kt\u00f3rych z roku na rok coraz mnie przychodzi? M\u0142odzie\u017cy nie wida\u0107, dzieci &#8211; dw\u00f3jka, reszta starsi. Duch mnie natchn\u0105\u0142 i podsun\u0105\u0142 my\u015bl, kt\u00f3r\u0105 na pocz\u0105tku XX w Henryk Sienkiewicz pozostawi\u0142 w ksi\u0119dze go\u015bci w Muzeum Diecezjalnym w P\u0142ocku: <strong>&#8222;Ko\u015bci\u00f3\u0142 jest str\u00f3\u017cem przesz\u0142o\u015bci, piastunem tera\u017aniejszo\u015bci, siewc\u0105 przysz\u0142o\u015bci&#8221;<\/strong>. Ko\u015bci\u00f3\u0142 jest jak matka, kt\u00f3ra wie, co jest dobre&#8230;Matka niezawodnej nadziei.<\/p>\n<p>A my wszyscy ochrzczeni i nieochrzczeni, wierz\u0105cy i niewierz\u0105cy &#8211; jeste\u015bmy tym Ko\u015bcio\u0142em (wsp\u00f3lnot\u0105 ludzi id\u0105cych r\u00f3\u017cnymi drogami do jednego celu, jednej niezawodnej nadziei); je\u015bli jeste\u015bmy pi\u0119kni i dobrzy to Ko\u015bci\u00f3\u0142 jest taki. Je\u015bli jeste\u015bmy \u017ali i grzeszni, to Ko\u015bci\u00f3\u0142 taki jest! Wyb\u00f3r nale\u017cy do Ciebie.<\/p>\n<p>Czu\u0142em, \u017ce Ci ludzie rozumieli znaczenie s\u0142\u00f3w: co znaczy dzisiaj by\u0107 str\u00f3\u017cem wiary w rodzinie, w pracy, w \u017cyciu; co robi ten, kto piastuje nadziej\u0119 dnia dzisiejszego, i jak by\u0107 siewc\u0105 mi\u0142o\u015bci w czasie, kt\u00f3ry B\u00f3g daje&#8230;<\/p>\n<p>ps<\/p>\n<p>Warto przyjrze\u0107 si\u0119 tym dwom go\u0142\u0105bkom nad p\u0142ock\u0105 katedr\u0105 &#8211; Matk\u0105 ko\u015bcio\u0142\u00f3w naszej diecezji&#8230;<\/p>\n<p>Mam pytanie zaczepne: co si\u0119 podoba i nie podoba u Twojej Matki &#8211; Ko\u015bcio\u0142a? Spr\u00f3buj wpisa\u0107 si\u0119 szczerze jak Henryk Sienkiewicz kiedy\u015b.<\/p>\n","protected":false},"excerpt":{"rendered":"<p>Dzisiaj, w drugi dzie\u0144 Zes\u0142ania Ducha \u015awi\u0119tego, Ko\u015bci\u00f3\u0142 pos\u0142a\u0142 mnie na po\u015bwi\u0119cenie p\u00f3l w jednej z nielicznych wsi w naszej parafii &#8211; do Gostkowa. Patronk\u0105 dnia jest Maryja &#8211; Matka Ko\u015bcio\u0142a. Wie\u015b ta &#8211; jak twierdzi Proboszcz &#8211; stosunkowo najliczniej ucz\u0119szcza na Msze do ko\u015bcio\u0142a. Dziwna to wie\u015b, bo tam jest tylko jeden rolnik, kt\u00f3ry [&hellip;]<\/p>\n","protected":false},"author":1,"featured_media":0,"comment_status":"open","ping_status":"closed","sticky":false,"template":"","format":"standard","meta":{"ngg_post_thumbnail":0},"categories":[1],"tags":[],"_links":{"self":[{"href":"https:\/\/umacieja.net\/blog\/index.php?rest_route=\/wp\/v2\/posts\/97"}],"collection":[{"href":"https:\/\/umacieja.net\/blog\/index.php?rest_route=\/wp\/v2\/posts"}],"about":[{"href":"https:\/\/umacieja.net\/blog\/index.php?rest_route=\/wp\/v2\/types\/post"}],"author":[{"embeddable":true,"href":"https:\/\/umacieja.net\/blog\/index.php?rest_route=\/wp\/v2\/users\/1"}],"replies":[{"embeddable":true,"href":"https:\/\/umacieja.net\/blog\/index.php?rest_route=%2Fwp%2Fv2%2Fcomments&post=97"}],"version-history":[{"count":0,"href":"https:\/\/umacieja.net\/blog\/index.php?rest_route=\/wp\/v2\/posts\/97\/revisions"}],"wp:attachment":[{"href":"https:\/\/umacieja.net\/blog\/index.php?rest_route=%2Fwp%2Fv2%2Fmedia&parent=97"}],"wp:term":[{"taxonomy":"category","embeddable":true,"href":"https:\/\/umacieja.net\/blog\/index.php?rest_route=%2Fwp%2Fv2%2Fcategories&post=97"},{"taxonomy":"post_tag","embeddable":true,"href":"https:\/\/umacieja.net\/blog\/index.php?rest_route=%2Fwp%2Fv2%2Ftags&post=97"}],"curies":[{"name":"wp","href":"https:\/\/api.w.org\/{rel}","templated":true}]}}