{"id":922,"date":"2012-12-13T22:21:07","date_gmt":"2012-12-13T20:21:07","guid":{"rendered":"http:\/\/www.umacieja.net\/blog\/?p=922"},"modified":"2012-12-15T08:26:01","modified_gmt":"2012-12-15T06:26:01","slug":"adwent-dla-orlow","status":"publish","type":"post","link":"https:\/\/umacieja.net\/blog\/?p=922","title":{"rendered":"Adwent dla or\u0142\u00f3w czuj\u0105cych&#8230;"},"content":{"rendered":"<p><img decoding=\"async\" loading=\"lazy\" class=\"aligncenter\" title=\"adwent\" src=\"http:\/\/umacieja.net\/galeria\/albums\/userpics\/Pielgrzymka_do_Ars_232.jpg\" alt=\"\" width=\"492\" height=\"369\" \/><\/p>\n<p>Bia\u0142o i lekko mro\u017anie si\u0119 porobi\u0142o w naszej okolicy. Ludzi nie wida\u0107 na ulicy. Pewnie siedz\u0105 w domach i si\u0119 dogrzewaj\u0105. U mnie kominek nie stygnie. Piesk\u00f3w mi \u017cal, bo u drzwi poleguj\u0105 ca\u0142e noce; nie p\u00f3jd\u0105 do budy, bo czuwaj\u0105. Maj\u0105 zadanie. Lubi\u0119 ten czas adwentowy: taki przej\u0119ty nadziej\u0105, radosny i pachn\u0105cy op\u0142atkiem, zielonym \u015bwierkiem, sianem, w\u0119dzonymi w\u0119dlinami&#8230;<\/p>\n<p>Przyszed\u0142 czas na rekolekcje adwentowe w naszej parafii. Zarobi\u0142em spowiednik\u00f3w, zaprosi\u0142em rekolekcjonist\u0119. W kuchni kusz\u0105 zapachami, bo trzeba straw\u0119 dla ksi\u0119\u017cy g\u0142osz\u0105cych i s\u0142uchaj\u0105cych przygotowa\u0107. A to wszystko po to, aby pojedna\u0107 si\u0119 Bogiem i bli\u017animi na czas Bo\u017cego Narodzenia. W. Reymont w powie\u015bci &#8222;Ch\u0142opi&#8221; pisa\u0142 tak: <em>&#8222;Bo\u0107 to Gody sz\u0142y, Pa\u0144skiego Dzieci\u0105tka \u015bwi\u0119to, radosny dzie\u0144 cudu i zmi\u0142owania Jezusowego nad \u015bwiatem, b\u0142ogos\u0142awiona przerwa w d\u0142ugich, pracowitych dniach, to i w ludziskach budzi\u0142a si\u0119 dusza z zimowego odr\u0119twienia, otrz\u0105sa\u0142a si\u0119 z szarzyzny, podnosi\u0142a si\u0119 i sz\u0142a radosna, czuj\u0105ca mocno na spotkanie narodzin Pa\u0144skich!&#8221; <\/em><\/p>\n<p>Nie odk\u0142adaj tej spowiedzi&#8230; Powalcz ze sob\u0105: zmagaj si\u0119 z grzechami i s\u0142abo\u015bciami<em> &#8211;<\/em> aby\u015b zwyci\u0119\u017cy\u0142! Pomieszkaj w konfesjonale i ko\u015bciele. Nie wyobra\u017cam sobie \u015awi\u0119towania Bo\u017cego Narodzenia bez pojednania z Bogiem i cz\u0142owiekiem. Obud\u017a dusz\u0119 swoj\u0105 z tego zimowego odr\u0119twienia i szarzyzny. Bo <em>&#8222;Ci, co zaufali Panu, odzyskuj\u0105 si\u0142y, otrzymuj\u0105 skrzyd\u0142a jak or\u0142y: biegn\u0105 bez zm\u0119czenia, bez znu\u017cenia id\u0105&#8230;&#8221; (<\/em>Iz 40,31)<\/p>\n<p>Wolisz by\u0107 or\u0142em, czy kur\u0105&#8230;? (kura zostaje w kurniku). Czy dusza twoja rado\u015bnie i mocno czuje na spotkanie narodzin Pa\u0144skich? Czekam zatem w ko\u015bciele na or\u0142\u00f3w czuj\u0105cych adwent i Bo\u017ce Narodzenie oraz polecam do medytacji:<em> <iframe width=\"500\" height=\"375\" src=\"https:\/\/www.youtube.com\/embed\/HaLJEvBQ5qE?feature=oembed\" frameborder=\"0\" allow=\"autoplay; encrypted-media\" allowfullscreen><\/iframe><br \/>\n<\/em><\/p>\n","protected":false},"excerpt":{"rendered":"<p>Bia\u0142o i lekko mro\u017anie si\u0119 porobi\u0142o w naszej okolicy. Ludzi nie wida\u0107 na ulicy. Pewnie siedz\u0105 w domach i si\u0119 dogrzewaj\u0105. U mnie kominek nie stygnie. Piesk\u00f3w mi \u017cal, bo u drzwi poleguj\u0105 ca\u0142e noce; nie p\u00f3jd\u0105 do budy, bo czuwaj\u0105. Maj\u0105 zadanie. Lubi\u0119 ten czas adwentowy: taki przej\u0119ty nadziej\u0105, radosny i pachn\u0105cy op\u0142atkiem, zielonym [&hellip;]<\/p>\n","protected":false},"author":1,"featured_media":0,"comment_status":"open","ping_status":"closed","sticky":false,"template":"","format":"standard","meta":{"ngg_post_thumbnail":0},"categories":[1],"tags":[],"_links":{"self":[{"href":"https:\/\/umacieja.net\/blog\/index.php?rest_route=\/wp\/v2\/posts\/922"}],"collection":[{"href":"https:\/\/umacieja.net\/blog\/index.php?rest_route=\/wp\/v2\/posts"}],"about":[{"href":"https:\/\/umacieja.net\/blog\/index.php?rest_route=\/wp\/v2\/types\/post"}],"author":[{"embeddable":true,"href":"https:\/\/umacieja.net\/blog\/index.php?rest_route=\/wp\/v2\/users\/1"}],"replies":[{"embeddable":true,"href":"https:\/\/umacieja.net\/blog\/index.php?rest_route=%2Fwp%2Fv2%2Fcomments&post=922"}],"version-history":[{"count":0,"href":"https:\/\/umacieja.net\/blog\/index.php?rest_route=\/wp\/v2\/posts\/922\/revisions"}],"wp:attachment":[{"href":"https:\/\/umacieja.net\/blog\/index.php?rest_route=%2Fwp%2Fv2%2Fmedia&parent=922"}],"wp:term":[{"taxonomy":"category","embeddable":true,"href":"https:\/\/umacieja.net\/blog\/index.php?rest_route=%2Fwp%2Fv2%2Fcategories&post=922"},{"taxonomy":"post_tag","embeddable":true,"href":"https:\/\/umacieja.net\/blog\/index.php?rest_route=%2Fwp%2Fv2%2Ftags&post=922"}],"curies":[{"name":"wp","href":"https:\/\/api.w.org\/{rel}","templated":true}]}}