{"id":92,"date":"2009-05-20T22:26:38","date_gmt":"2009-05-20T20:26:38","guid":{"rendered":"http:\/\/www.xmj.livenet.pl\/blog\/?p=92"},"modified":"2009-05-20T22:35:14","modified_gmt":"2009-05-20T20:35:14","slug":"twoj-pokarm-rozpoznaj-czas-lednica-2000","status":"publish","type":"post","link":"https:\/\/umacieja.net\/blog\/?p=92","title":{"rendered":"Tw\u00f3j pokarm: rozpoznaj czas! Lednica 2000."},"content":{"rendered":"<iframe width=\"500\" height=\"375\" src=\"https:\/\/www.youtube.com\/embed\/KD1B8FQ2x8A?feature=oembed\" frameborder=\"0\" allow=\"autoplay; encrypted-media\" allowfullscreen><\/iframe>\n<p>Lednica zn\u00f3w czeka. Przypominam: wyjazd: w sobot\u0119 6 czerwca ok. godz. 1.30, powr\u00f3t w niedziele 7 czerwca ok. godz. 12.00.Miejsce wyjazdu: Ciechan\u00f3w, Glinojeck i So\u0144sk.<br \/>\nKoszt: 65 z\u0142 (przejazd, ubezpieczenie, bilet na pola lednickie)<br \/>\nZg\u0142oszenia: do 23 maja z wpisowym 35 z\u0142. Osoby niepe\u0142noletnie musz\u0105 posiada\u0107 pisemn\u0105 zgod\u0119 rodzic\u00f3w!<br \/>\nKontakt:\u00a0 e-mail: ailenrok5@gazeta.pl lub kom. 660-298-440 lub ze mn\u0105. Spotkanie przed wyjazdowe (obowi\u0105zkowe) 23 maja po Mszy \u015awi\u0119tej o 18.00 w ko\u015bciele parafii \u015bw. Piotra Aposto\u0142a w Ciechanowie lub 31 maja po Eucharystii o 16.00 w ko\u015bciele w So\u0144sku.<\/p>\n<p>Wi\u0119cej informacji <a href=\"http:\/\/lednica2000.pl\/\" target=\"_blank\">&gt;&gt;tutaj&lt;&lt;<\/a><\/p>\n<p>ps jak dobrze, \u017ce jest Lednica i nie tylko ona&#8230;To pokarm dla duszy na ca\u0142y rok. Ko\u015bci\u00f3\u0142 jak dobry Ojciec\/Matka: czuwa i troszczy si\u0119 o chleb dla swoich dzieci&#8230; M\u00f3wi\u0119 to moim uczniom: macie tyle okazji i mo\u017cliwo\u015bci, np: Lednica, Festiwal M\u0142odych w Pu\u0142tusku, Pielgrzymka, oazy, rekolekcje zamkni\u0119te itp&#8230;<\/p>\n<p>Czy rozpozna\u0142e\u015b ju\u017c czas? Czym si\u0119 karmisz?<\/p>\n","protected":false},"excerpt":{"rendered":"<p>Lednica zn\u00f3w czeka. Przypominam: wyjazd: w sobot\u0119 6 czerwca ok. godz. 1.30, powr\u00f3t w niedziele 7 czerwca ok. godz. 12.00.Miejsce wyjazdu: Ciechan\u00f3w, Glinojeck i So\u0144sk. Koszt: 65 z\u0142 (przejazd, ubezpieczenie, bilet na pola lednickie) Zg\u0142oszenia: do 23 maja z wpisowym 35 z\u0142. Osoby niepe\u0142noletnie musz\u0105 posiada\u0107 pisemn\u0105 zgod\u0119 rodzic\u00f3w! Kontakt:\u00a0 e-mail: ailenrok5@gazeta.pl lub kom. 660-298-440 [&hellip;]<\/p>\n","protected":false},"author":1,"featured_media":0,"comment_status":"open","ping_status":"closed","sticky":false,"template":"","format":"standard","meta":{"ngg_post_thumbnail":0},"categories":[1],"tags":[],"_links":{"self":[{"href":"https:\/\/umacieja.net\/blog\/index.php?rest_route=\/wp\/v2\/posts\/92"}],"collection":[{"href":"https:\/\/umacieja.net\/blog\/index.php?rest_route=\/wp\/v2\/posts"}],"about":[{"href":"https:\/\/umacieja.net\/blog\/index.php?rest_route=\/wp\/v2\/types\/post"}],"author":[{"embeddable":true,"href":"https:\/\/umacieja.net\/blog\/index.php?rest_route=\/wp\/v2\/users\/1"}],"replies":[{"embeddable":true,"href":"https:\/\/umacieja.net\/blog\/index.php?rest_route=%2Fwp%2Fv2%2Fcomments&post=92"}],"version-history":[{"count":0,"href":"https:\/\/umacieja.net\/blog\/index.php?rest_route=\/wp\/v2\/posts\/92\/revisions"}],"wp:attachment":[{"href":"https:\/\/umacieja.net\/blog\/index.php?rest_route=%2Fwp%2Fv2%2Fmedia&parent=92"}],"wp:term":[{"taxonomy":"category","embeddable":true,"href":"https:\/\/umacieja.net\/blog\/index.php?rest_route=%2Fwp%2Fv2%2Fcategories&post=92"},{"taxonomy":"post_tag","embeddable":true,"href":"https:\/\/umacieja.net\/blog\/index.php?rest_route=%2Fwp%2Fv2%2Ftags&post=92"}],"curies":[{"name":"wp","href":"https:\/\/api.w.org\/{rel}","templated":true}]}}