{"id":91,"date":"2009-05-18T22:10:34","date_gmt":"2009-05-18T20:10:34","guid":{"rendered":"http:\/\/www.xmj.livenet.pl\/blog\/?p=91"},"modified":"2011-03-08T19:30:26","modified_gmt":"2011-03-08T17:30:26","slug":"jeden-dzien-z-zycia","status":"publish","type":"post","link":"https:\/\/umacieja.net\/blog\/?p=91","title":{"rendered":"Jeden dzie\u0144 z \u017cycia&#8230;"},"content":{"rendered":"<p style=\"text-align: center\"><img decoding=\"async\" loading=\"lazy\" src=\"http:\/\/umacieja.net\/galeria\/albums\/userpics\/Wiosna_09_370.jpg\" height=\"369\" width=\"492\" \/><\/p>\n<p>Dzisiaj na katechezie pad\u0142o pytanie &#8211; jedno z tych &#8222;ksi\u0119\u017cycowych&#8221;: jak ja jestem ciekawa, co ksi\u0105dz robi w wolnym czasie? Zapyta\u0142a Osiemnastka z klasy II LO. Czy ksi\u0105dz ma wolny czas dla siebie i co z nim robi? Dobre, pomy\u015bla\u0142em &#8211; spr\u00f3buj\u0119 dzisiaj opisa\u0107 taki jeden dzie\u0144 &#8211; np dzisiejszy: jeden z \u017cycia ksi\u0119dza&#8230;<\/p>\n<p>Obudzi\u0142o mnie radio o 6.30 (staram si\u0119 bezstresowo powstawa\u0107 do \u017cycia, dlatego s\u0142ucham &#8222;Tr\u00f3jki&#8221;), potem budzik do\u0142o\u017cy\u0142 mi po uszach ostrym d\u017awi\u0119kiem (na wszelki wypadek, gdybym zaspa\u0142). Nie przepadam za porannym wstawaniem, ale c\u00f3\u017c zrobi\u0107, takie \u017cycie. Na 7.00 pobieg\u0142em do konfesjona\u0142u. Nikt mnie nie odwiedzi\u0142, wi\u0119c spokojnie pogada\u0142em z Panem Bogiem psalmami. Potem zjad\u0142em szybkie \u015bniadanie (z ksi\u0119\u017cmi podsumowali\u015bmy grilla i niedziel\u0119 powo\u0142a\u0144)\u00a0 i na godz. 8.00 pospacerowa\u0142em do ukochanej szko\u0142y. Mi\u0142o jest, jak po drodze dzieci id\u0105ce do swojej szko\u0142y chwal\u0105 Pana Jezusa&#8230;Na korytarzu w LO pierwsze spotkania: kto\u015b m\u00f3wi, \u017ce kie\u0142basa na grillu smaczna by\u0142a, kto\u015b inny przeprasza, \u017ce nie przyszed\u0142 wczoraj na &#8222;18&#8221;, bo co\u015b tam&#8230; W szkole na religii ostatnie rozmowy &#8211; w cztery oczy (w tzw konfesjonale)\u00a0 o \u017cyciu i chrze\u015bcija\u0144stwie, podsumowania i wsp\u00f3lne szukanie odpowiedniej oceny na koniec roku &#8211; bo to ju\u017c za miesi\u0105c wakacje). Najtrudniej jest uczniom dokona\u0107 tzw samooceny. Wymagam tego, bo to \u015bwiadczy o dojrza\u0142o\u015bci. Trafi\u0142o si\u0119 okienko &#8211; czas na ma\u0142e zakupy. W po szkole o 14.30 obiadzik &#8211; ulubione go\u0142\u0105bki dzisiaj&#8230; pycha! Po obiedzie chwila (20 minut) na odebranie poczty i na 15.30 do ko\u015bcio\u0142a &#8211; pr\u00f3ba przed tzw Komuni\u0105 Generaln\u0105. O 16.30 druga grupa tej\u017ce uroczysto\u015bci. Patrz\u0119 a te dzieci z kl. IV szko\u0142y podstawowej i widz\u0119 w nich ju\u017c m\u0142odzie\u017c. To w tym wieku trzeba zaczyna\u0107 z nimi prac\u0119, je\u015bli chce si\u0119 ich zaanga\u017cowania w parafii na ca\u0142e \u017cycie&#8230; Przyszed\u0142 ch\u0142opiec na pr\u00f3b\u0119 generaln\u0105 i chce odnowi\u0107 przyrzeczenia chrztu, a nigdy nie by\u0142 na \u017cadnym spotkaniu. Ale twardo walczy o swoje miejsce w \u0142awce&#8230; podziwiam go za up\u00f3r wojownika! Po pr\u00f3bach majowe i Msza \u015bw. Odprawiam z ks. Romkiem i o. Piotrem misjonarzem z Ameryki Po\u0142udniowej (mia\u0142 rocznic\u0119 \u015bwi\u0119ce\u0144). Po Mszy ma\u0142a kolacja, wypad na godzinny <a href=\"http:\/\/umacieja.net\/galeria\/thumbnails.php?album=84\">rajd rowerem z aparatem fotograficznym. Pojecha\u0142em te\u017c nakarmi\u0107 moich przyjaci\u00f3\u0142 spod okna: dwa \u0142ab\u0119dzie, kaczuchy i ryby na jeziorku widocznym z mego okna.<\/a> Wr\u00f3ci\u0142em po 20.00. Zagada\u0142em z Gosposi\u0105, bo kwiaty- jej ulubione &#8211; sadzi\u0142a przy plebanii. Potem przyszed\u0142 Harcerz &#8211; m\u00f3j Ucze\u0144 i pogadali\u015bmy o stworzeniu dru\u017cyny harcerskiej w naszej parafii. Proboszcz zgodzi\u0142 si\u0119. Wr\u00f3ci\u0142em do mieszkania, kilka telefon\u00f3w, poczta, gg, blog, pacierze wieczorne i przy dobrej muzyce pisz\u0119 te niepouk\u0142adane s\u0142owa. A \u017cabki maj\u0105 w\u0142a\u015bnie koncert pod moim oknem; symfonia pi\u0119knych d\u017awi\u0119k\u00f3w&#8230; Jeszcze lekcje odrobi\u0119, k\u0105piel wezm\u0119, podzi\u0119kuj\u0119 Bogu za dzie\u0144 dzisiejszy i poprosz\u0119 o dobre jutro.<\/p>\n<p>No w\u0142a\u015bnie, czy ja mam czas dla siebie? Nie, nie jestem nieszcz\u0119\u015bliwy&#8230;<\/p>\n<p>ps a jak Wam min\u0105\u0142 jeden dzie\u0144 z \u017cycia?<\/p>\n","protected":false},"excerpt":{"rendered":"<p>Dzisiaj na katechezie pad\u0142o pytanie &#8211; jedno z tych &#8222;ksi\u0119\u017cycowych&#8221;: jak ja jestem ciekawa, co ksi\u0105dz robi w wolnym czasie? Zapyta\u0142a Osiemnastka z klasy II LO. Czy ksi\u0105dz ma wolny czas dla siebie i co z nim robi? Dobre, pomy\u015bla\u0142em &#8211; spr\u00f3buj\u0119 dzisiaj opisa\u0107 taki jeden dzie\u0144 &#8211; np dzisiejszy: jeden z \u017cycia ksi\u0119dza&#8230; Obudzi\u0142o [&hellip;]<\/p>\n","protected":false},"author":1,"featured_media":0,"comment_status":"open","ping_status":"closed","sticky":false,"template":"","format":"standard","meta":{"ngg_post_thumbnail":0},"categories":[1],"tags":[],"_links":{"self":[{"href":"https:\/\/umacieja.net\/blog\/index.php?rest_route=\/wp\/v2\/posts\/91"}],"collection":[{"href":"https:\/\/umacieja.net\/blog\/index.php?rest_route=\/wp\/v2\/posts"}],"about":[{"href":"https:\/\/umacieja.net\/blog\/index.php?rest_route=\/wp\/v2\/types\/post"}],"author":[{"embeddable":true,"href":"https:\/\/umacieja.net\/blog\/index.php?rest_route=\/wp\/v2\/users\/1"}],"replies":[{"embeddable":true,"href":"https:\/\/umacieja.net\/blog\/index.php?rest_route=%2Fwp%2Fv2%2Fcomments&post=91"}],"version-history":[{"count":0,"href":"https:\/\/umacieja.net\/blog\/index.php?rest_route=\/wp\/v2\/posts\/91\/revisions"}],"wp:attachment":[{"href":"https:\/\/umacieja.net\/blog\/index.php?rest_route=%2Fwp%2Fv2%2Fmedia&parent=91"}],"wp:term":[{"taxonomy":"category","embeddable":true,"href":"https:\/\/umacieja.net\/blog\/index.php?rest_route=%2Fwp%2Fv2%2Fcategories&post=91"},{"taxonomy":"post_tag","embeddable":true,"href":"https:\/\/umacieja.net\/blog\/index.php?rest_route=%2Fwp%2Fv2%2Ftags&post=91"}],"curies":[{"name":"wp","href":"https:\/\/api.w.org\/{rel}","templated":true}]}}