{"id":907,"date":"2012-12-05T11:54:22","date_gmt":"2012-12-05T09:54:22","guid":{"rendered":"http:\/\/www.umacieja.net\/blog\/?p=907"},"modified":"2012-12-05T22:23:43","modified_gmt":"2012-12-05T20:23:43","slug":"biblio-ojczyzno-moja","status":"publish","type":"post","link":"https:\/\/umacieja.net\/blog\/?p=907","title":{"rendered":"Biblio, ojczyzno moja"},"content":{"rendered":"<p><img decoding=\"async\" loading=\"lazy\" class=\"aligncenter\" title=\"Biblio\" src=\"http:\/\/umacieja.net\/galeria\/albums\/userpics\/Ziemia_Swi%C4%99ta_07_676.jpg\" alt=\"\" width=\"492\" height=\"369\" \/><\/p>\n<p>Docieraj\u0105 do mnie pytania dotycz\u0105ce szczeg\u00f3\u0142\u00f3w peregrynacji Biblii w naszej parafii: jak, kiedy, gdzie&#8230; i czy mo\u017cna zorganizowa\u0107 kolacj\u0119 dla s\u0105siad\u00f3w przy tej okazji? Postaram si\u0119 poda\u0107 wi\u0119cej szczeg\u00f3\u0142\u00f3w. Biblia w\u0119druje od domu do domu wg tzw kolejki kol\u0119dowej. W jednej rodzinie zamieszkuje jedn\u0105 dob\u0119. W tym czasie prosz\u0119, aby przeczyta\u0107 razem z rodzin\u0105 Ewangeli\u0119 wg \u015bw. Marka. Warto zapyta\u0107 s\u0105siad\u00f3w o godzin\u0119 przekazania Biblii. Najlepiej wydaje si\u0119, aby to by\u0142o wieczorem, po zako\u0144czeniu prac. Gdy odnosimy Bibli\u0119 do s\u0105siad\u00f3w, to w momencie spotkania razem wyznajemy wiar\u0119 (s\u0105 dost\u0119pne obrazki z pe\u0142nym tekstem Credo). Prosz\u0119, aby dzie\u0144 nawiedzenia Biblii by\u0142 dniem skupienia dla danej rodziny, \u015bwi\u0119tem, spotkaniem z Bogiem w Jego S\u0142owie i aby w miar\u0119 mo\u017cliwo\u015bci byli obecni wszyscy cz\u0142onkowie rodziny. Niech ta peregrynacja Biblii b\u0119dzie te\u017c okazj\u0105 do pojednania mi\u0119dzy sob\u0105, s\u0105siadami, do podania r\u0119ki, a nawet do spo\u017cycia wsp\u00f3lnego posi\u0142ku (agapy).<\/p>\n<p>Z\u00a0 Bibli\u0105 w\u0119druje ksi\u0119ga pami\u0105tkowa. Prosz\u0119 o zapisanie do niej swojej rodziny, kt\u00f3ra ugo\u015bci Bibli\u0119. Mo\u017cna tak\u017ce z\u0142o\u017cy\u0107 \u015bwiadectwo wiary na pi\u015bmie w tej ksi\u0119dze o tej niezwyk\u0142ej wizycie Ksi\u0119gi \u017bycia. W ksi\u0119dze pami\u0105tkowej zapisano wiersz Romana Brandstaettera: <a href=\"http:\/\/biblia.wiara.pl\/doc\/911499.Biblio-ojczyzno-moja\">&#8222;Biblio, ojczyzno moja&#8221;<\/a>. Zach\u0119cam do przeczytania, do medytacji nad nim oraz do odpowiedzi na kilka pyta\u0144 postawionych przez proboszcza.\u00a0 Z Bibli\u0105 w\u0119druje <a title=\"list\" href=\"http:\/\/www.parafiadulsk.pl\/?p=3466\">List Biskupa Piotra<\/a> do mieszka\u0144c\u00f3w parafii Dulsk.<\/p>\n<p>Fotografia przedstawia <a href=\"http:\/\/www.brewiarz.pl\/czytelnia\/swieci\/09-30.php3\">grot\u0119 \u015bw. Hieronima w Betlejem. <\/a>Niech ten \u015bwi\u0119ty, kt\u00f3ry tak bardzo umi\u0142owa\u0142 Pismo \u015awi\u0119te,\u00a0 patronuje naszym spotkaniom ze S\u0142owem Bo\u017cym, uczy nas jak zamieszka\u0107 w Biblii i jak wyczyta\u0107 \u017cycie z Niej. Czy\u00a0 wszyscy parafianie przyjm\u0105 pod sw\u00f3j dach Bibli\u0119 i czy przeczytaj\u0105 Ewangeli\u0119? Niech to b\u0119dzie czas powrotu do \u017ar\u00f3de\u0142 naszej wiary i jej budzeniem z lenistwa. Marz\u0119, aby SPOTKANIE 350 rodzin z BIBLI\u0104 w Roku Wiary przynios\u0142o najg\u0142\u0119bsze owoce przemiany serc.<\/p>\n<p>Zapraszam do obejrzenia zwiastuna filmu <iframe width=\"500\" height=\"281\" src=\"https:\/\/www.youtube.com\/embed\/0g7pzFMDrts?feature=oembed\" frameborder=\"0\" allow=\"autoplay; encrypted-media\" allowfullscreen><\/iframe><\/p>\n<p>&nbsp;<\/p>\n","protected":false},"excerpt":{"rendered":"<p>Docieraj\u0105 do mnie pytania dotycz\u0105ce szczeg\u00f3\u0142\u00f3w peregrynacji Biblii w naszej parafii: jak, kiedy, gdzie&#8230; i czy mo\u017cna zorganizowa\u0107 kolacj\u0119 dla s\u0105siad\u00f3w przy tej okazji? Postaram si\u0119 poda\u0107 wi\u0119cej szczeg\u00f3\u0142\u00f3w. Biblia w\u0119druje od domu do domu wg tzw kolejki kol\u0119dowej. W jednej rodzinie zamieszkuje jedn\u0105 dob\u0119. W tym czasie prosz\u0119, aby przeczyta\u0107 razem z rodzin\u0105 Ewangeli\u0119 [&hellip;]<\/p>\n","protected":false},"author":1,"featured_media":0,"comment_status":"open","ping_status":"closed","sticky":false,"template":"","format":"standard","meta":{"ngg_post_thumbnail":0},"categories":[1],"tags":[],"_links":{"self":[{"href":"https:\/\/umacieja.net\/blog\/index.php?rest_route=\/wp\/v2\/posts\/907"}],"collection":[{"href":"https:\/\/umacieja.net\/blog\/index.php?rest_route=\/wp\/v2\/posts"}],"about":[{"href":"https:\/\/umacieja.net\/blog\/index.php?rest_route=\/wp\/v2\/types\/post"}],"author":[{"embeddable":true,"href":"https:\/\/umacieja.net\/blog\/index.php?rest_route=\/wp\/v2\/users\/1"}],"replies":[{"embeddable":true,"href":"https:\/\/umacieja.net\/blog\/index.php?rest_route=%2Fwp%2Fv2%2Fcomments&post=907"}],"version-history":[{"count":0,"href":"https:\/\/umacieja.net\/blog\/index.php?rest_route=\/wp\/v2\/posts\/907\/revisions"}],"wp:attachment":[{"href":"https:\/\/umacieja.net\/blog\/index.php?rest_route=%2Fwp%2Fv2%2Fmedia&parent=907"}],"wp:term":[{"taxonomy":"category","embeddable":true,"href":"https:\/\/umacieja.net\/blog\/index.php?rest_route=%2Fwp%2Fv2%2Fcategories&post=907"},{"taxonomy":"post_tag","embeddable":true,"href":"https:\/\/umacieja.net\/blog\/index.php?rest_route=%2Fwp%2Fv2%2Ftags&post=907"}],"curies":[{"name":"wp","href":"https:\/\/api.w.org\/{rel}","templated":true}]}}