{"id":89,"date":"2009-05-10T20:35:51","date_gmt":"2009-05-10T18:35:51","guid":{"rendered":"http:\/\/www.xmj.livenet.pl\/blog\/?p=89"},"modified":"2009-05-22T10:52:36","modified_gmt":"2009-05-22T08:52:36","slug":"poszukujesz-sensu-badz-odwazny","status":"publish","type":"post","link":"https:\/\/umacieja.net\/blog\/?p=89","title":{"rendered":"Poszukujesz sensu? B\u0105d\u017a odwa\u017cny!"},"content":{"rendered":"<p style=\"text-align: center\"><img decoding=\"async\" loading=\"lazy\" src=\"http:\/\/www.parafiakarniewo.pl\/images\/news\/rekolekcje%201.jpg\" width=\"492\" height=\"361\" \/><\/p>\n<p>Zapraszam m\u0142odych ludzi &#8211; odwa\u017cnych i poszukuj\u0105cych sensu &#8211; na rekolekcje w g\u00f3rach. Robi\u0119 to w imieniu mojego brata ks. Krzysia i grupy Chadashim z Karniewa (go\u015bcili u nas a parafii z projektem &#8222;Kim jestem?&#8221;). Miejsce w g\u00f3rach &#8211; Gliczar\u00f3w znam doskonale. Je\u017adzi\u0142em tam wielokrotnie &#8211; najcz\u0119\u015bciej z licealistami na tzw kursy przedma\u0142\u017ce\u0144skie. Zaczynali\u015bmy z p\u0142o\u0144skim LO w trakcie roku szkolnego. Potem wakacyjne wypady z zespo\u0142ami i KSM. Odby\u0142y si\u0119 te\u017c trzy pielgrzymki szlakiem Jana Paw\u0142a II z doros\u0142ymi z Ciechanowa. Bywa\u0142em te\u017c tam prywatnie. U Ga\u017adziny Anieli Stasik czuli\u015bmy si\u0119 jak w domu u mamy: anielsko&#8230; Ciep\u0142o, smacznie i do syta zawsze by\u0142o. Pi\u0119kne widoki &#8211; Tatry jak na d\u0142oni, spok\u00f3j, cisza, ma\u0142o turyst\u00f3w. Do nieba tylko kawa\u0142ek&#8230; Tam same Tatry przeprowadzaj\u0105 cz\u0142owiekowi rekolekcje.<\/p>\n<p>Tylko or\u0142y szybuj\u0105 wysoko&#8230;<\/p>\n<p>ps bra\u0142e\u015b (a\u015b) udzia\u0142 a podobnych rekolekcjach?<\/p>\n","protected":false},"excerpt":{"rendered":"<p>Zapraszam m\u0142odych ludzi &#8211; odwa\u017cnych i poszukuj\u0105cych sensu &#8211; na rekolekcje w g\u00f3rach. Robi\u0119 to w imieniu mojego brata ks. Krzysia i grupy Chadashim z Karniewa (go\u015bcili u nas a parafii z projektem &#8222;Kim jestem?&#8221;). Miejsce w g\u00f3rach &#8211; Gliczar\u00f3w znam doskonale. Je\u017adzi\u0142em tam wielokrotnie &#8211; najcz\u0119\u015bciej z licealistami na tzw kursy przedma\u0142\u017ce\u0144skie. Zaczynali\u015bmy z [&hellip;]<\/p>\n","protected":false},"author":1,"featured_media":0,"comment_status":"open","ping_status":"closed","sticky":false,"template":"","format":"standard","meta":{"ngg_post_thumbnail":0},"categories":[1],"tags":[],"_links":{"self":[{"href":"https:\/\/umacieja.net\/blog\/index.php?rest_route=\/wp\/v2\/posts\/89"}],"collection":[{"href":"https:\/\/umacieja.net\/blog\/index.php?rest_route=\/wp\/v2\/posts"}],"about":[{"href":"https:\/\/umacieja.net\/blog\/index.php?rest_route=\/wp\/v2\/types\/post"}],"author":[{"embeddable":true,"href":"https:\/\/umacieja.net\/blog\/index.php?rest_route=\/wp\/v2\/users\/1"}],"replies":[{"embeddable":true,"href":"https:\/\/umacieja.net\/blog\/index.php?rest_route=%2Fwp%2Fv2%2Fcomments&post=89"}],"version-history":[{"count":0,"href":"https:\/\/umacieja.net\/blog\/index.php?rest_route=\/wp\/v2\/posts\/89\/revisions"}],"wp:attachment":[{"href":"https:\/\/umacieja.net\/blog\/index.php?rest_route=%2Fwp%2Fv2%2Fmedia&parent=89"}],"wp:term":[{"taxonomy":"category","embeddable":true,"href":"https:\/\/umacieja.net\/blog\/index.php?rest_route=%2Fwp%2Fv2%2Fcategories&post=89"},{"taxonomy":"post_tag","embeddable":true,"href":"https:\/\/umacieja.net\/blog\/index.php?rest_route=%2Fwp%2Fv2%2Ftags&post=89"}],"curies":[{"name":"wp","href":"https:\/\/api.w.org\/{rel}","templated":true}]}}