{"id":88,"date":"2009-05-01T14:27:54","date_gmt":"2009-05-01T12:27:54","guid":{"rendered":"http:\/\/www.xmj.livenet.pl\/blog\/?p=88"},"modified":"2015-05-01T12:33:34","modified_gmt":"2015-05-01T10:33:34","slug":"swiety-grill-nowy-swiety","status":"publish","type":"post","link":"https:\/\/umacieja.net\/blog\/?p=88","title":{"rendered":"\u015awi\u0119ty Grill. Nowy \u015bwi\u0119ty?"},"content":{"rendered":"<p style=\"text-align: justify;\"><a href=\"http:\/\/www.umacieja.net\/blog\/wp-content\/uploads\/2009\/05\/festyn_stasiowy_06_092.jpg\"><img decoding=\"async\" loading=\"lazy\" class=\"wp-image-2891\" src=\"http:\/\/www.umacieja.net\/blog\/wp-content\/uploads\/2009\/05\/festyn_stasiowy_06_092.jpg\" alt=\"festyn_stasiowy_06_092\" width=\"258\" height=\"195\" srcset=\"https:\/\/umacieja.net\/blog\/wp-content\/uploads\/2009\/05\/festyn_stasiowy_06_092.jpg 504w, https:\/\/umacieja.net\/blog\/wp-content\/uploads\/2009\/05\/festyn_stasiowy_06_092-300x225.jpg 300w\" sizes=\"(max-width: 258px) 100vw, 258px\" \/><\/a><a href=\"http:\/\/www.umacieja.net\/blog\/wp-content\/uploads\/2009\/05\/Tomek-Kami\u0144ski-2014-077.jpg\"><img decoding=\"async\" loading=\"lazy\" class=\"  wp-image-2893 alignleft\" src=\"http:\/\/www.umacieja.net\/blog\/wp-content\/uploads\/2009\/05\/Tomek-Kami\u0144ski-2014-077.jpg\" alt=\"SONY DSC\" width=\"291\" height=\"193\" srcset=\"https:\/\/umacieja.net\/blog\/wp-content\/uploads\/2009\/05\/Tomek-Kami\u0144ski-2014-077.jpg 600w, https:\/\/umacieja.net\/blog\/wp-content\/uploads\/2009\/05\/Tomek-Kami\u0144ski-2014-077-300x199.jpg 300w\" sizes=\"(max-width: 291px) 100vw, 291px\" \/><\/a><\/p>\n<p>No i sezon na \u015bw. Grilla rozpocz\u0119ty. W mediach k\u0142\u00f3c\u0105 si\u0119 o to, kto wynalaz\u0142 grilla. Presja medialna ka\u017ce wyje\u017cd\u017ca\u0107 na d\u0142ugi weekend i\u00a0 rozpala\u0107 do czerwono\u015bci tego nowego \u015bwi\u0119tego. Kto \u017cyw, rusza na grilla. Nie powiem, \u017ce nie lubi\u0119 tego \u015bwi\u0119tego. Wr\u0119cz uwielbiam posiedzie\u0107 przy nim z Przyjaci\u00f3\u0142mi. Posmakowa\u0107 tw\u00f3rczo\u015bci kulinarnych. Pooddycha\u0107 powietrzem wiosennym. Poza\u0142atwia\u0107 wiele spraw. Pos\u0142ucha\u0107 ciszy. Pan Jezus po swoim zmartwychwstaniu zapyta\u0142 uczni\u00f3w:\u00a0 (J 21, 5-14) &#8222;Dzieci, macie tu co do jedzenia?&#8221; I wtedy usma\u017cy\u0142 im ryb\u0119: &#8222;A kiedy zeszli na l\u0105d, ujrzeli \u017carz\u0105ce si\u0119 na ziemi w\u0119gle, a na nich u\u0142o\u017con\u0105 ryb\u0119 oraz chleb&#8221;(pewnie to by\u0142 pocz\u0105tek powo\u0142ania naszego \u015bw. Grilla).<\/p>\n<p>Nie pos\u0142ucha\u0142em medi\u00f3w i nie wyjecha\u0142em. Mam wra\u017cenie, \u017ce dzisiaj promuje si\u0119 taki styl \u017cycia, kt\u00f3ry nie pomaga cz\u0142owiekowi zakorzeni\u0107 si\u0119, ale ka\u017ce podr\u00f3\u017cowa\u0107 &#8211; w\u0142\u00f3czy\u0107 si\u0119: cz\u0142owiek wieczny turysta &#8211; w\u0142\u00f3cz\u0119ga; nie ma sta\u0142ych warto\u015bci, relacji, zwi\u0105zk\u00f3w, ale takie przelotne, powierzchowne, nask\u00f3rkowe.<\/p>\n<p>We wtorek po\u017cegna\u0142em modlitw\u0105 maturzyst\u00f3w z Krasiniaka. \u015ani\u0142em na kazaniu, \u017ce b\u0119d\u0105 dobrymi lud\u017ami i pi\u0119knymi chrze\u015bcijanami. I zaprosz\u0105 mnie na \u015blub&#8230; (Potem by\u0142 smaczny grill).<\/p>\n<p>W \u015brod\u0119 bra\u0142em udzia\u0142 w powa\u017cnej dyskusji nad katechez\u0105; sens czy bezsens podr\u0119cznik\u00f3w do religii, co z tymi, kt\u00f3rzy nie chodz\u0105 na religi\u0119? Czy katecheci potrzebuj\u0105 wi\u0119cej szkole\u0144?<\/p>\n<p>Dzisiaj pierwszy pi\u0105tek miesi\u0105ca i by\u0142em odwiedzi\u0107 chorych z Komuni\u0105 \u015bw. Czekali, wygl\u0105dali, cieszyli si\u0119 na to spotkanie z Jezusem. Oni wiedz\u0105, co wa\u017cne. Nigdzie nie uciekaj\u0105 i nie wyje\u017cd\u017caj\u0105. Choroba przybi\u0142a ich do krzy\u017ca i zakorzeni\u0142a ich w Jezusie.<\/p>\n<p>Jutro te\u017c pracowicie. Czeka mnie pogrzeb i \u015blub. Smutek i rado\u015b\u0107. Samo \u017cycie. Wieczorem troch\u0119 rado\u015bci, bo mamy koncert &#8222;Budki Suflera&#8221;. Mo\u017ce za\u015bpiewaj\u0105 moje ulubione kawa\u0142ki: &#8222;Jolka, Jolka pami\u0119tasz&#8221;, &#8222;M\u0142ode lwy&#8221;, &#8222;Nie wierz nigdy kobiecie.&#8221;<\/p>\n<p>A w niedziel\u0119 mam g\u0142osi\u0107 S\u0142owo Bo\u017ce o Dobrym Pasterzu. To dzie\u0144 modlitw o powo\u0142ania do s\u0142u\u017cby Bo\u017cej. Jaka jest dzisiaj recepta na dobrego pasterza &#8211; kap\u0142ana? I co ja mam powiedzie\u0107&#8230;?<\/p>\n<p>ps Zapraszam na grilla<\/p>\n","protected":false},"excerpt":{"rendered":"<p>No i sezon na \u015bw. Grilla rozpocz\u0119ty. W mediach k\u0142\u00f3c\u0105 si\u0119 o to, kto wynalaz\u0142 grilla. Presja medialna ka\u017ce wyje\u017cd\u017ca\u0107 na d\u0142ugi weekend i\u00a0 rozpala\u0107 do czerwono\u015bci tego nowego \u015bwi\u0119tego. Kto \u017cyw, rusza na grilla. Nie powiem, \u017ce nie lubi\u0119 tego \u015bwi\u0119tego. Wr\u0119cz uwielbiam posiedzie\u0107 przy nim z Przyjaci\u00f3\u0142mi. Posmakowa\u0107 tw\u00f3rczo\u015bci kulinarnych. Pooddycha\u0107 powietrzem wiosennym. [&hellip;]<\/p>\n","protected":false},"author":1,"featured_media":0,"comment_status":"open","ping_status":"closed","sticky":false,"template":"","format":"standard","meta":{"ngg_post_thumbnail":0},"categories":[1],"tags":[],"_links":{"self":[{"href":"https:\/\/umacieja.net\/blog\/index.php?rest_route=\/wp\/v2\/posts\/88"}],"collection":[{"href":"https:\/\/umacieja.net\/blog\/index.php?rest_route=\/wp\/v2\/posts"}],"about":[{"href":"https:\/\/umacieja.net\/blog\/index.php?rest_route=\/wp\/v2\/types\/post"}],"author":[{"embeddable":true,"href":"https:\/\/umacieja.net\/blog\/index.php?rest_route=\/wp\/v2\/users\/1"}],"replies":[{"embeddable":true,"href":"https:\/\/umacieja.net\/blog\/index.php?rest_route=%2Fwp%2Fv2%2Fcomments&post=88"}],"version-history":[{"count":0,"href":"https:\/\/umacieja.net\/blog\/index.php?rest_route=\/wp\/v2\/posts\/88\/revisions"}],"wp:attachment":[{"href":"https:\/\/umacieja.net\/blog\/index.php?rest_route=%2Fwp%2Fv2%2Fmedia&parent=88"}],"wp:term":[{"taxonomy":"category","embeddable":true,"href":"https:\/\/umacieja.net\/blog\/index.php?rest_route=%2Fwp%2Fv2%2Fcategories&post=88"},{"taxonomy":"post_tag","embeddable":true,"href":"https:\/\/umacieja.net\/blog\/index.php?rest_route=%2Fwp%2Fv2%2Ftags&post=88"}],"curies":[{"name":"wp","href":"https:\/\/api.w.org\/{rel}","templated":true}]}}