{"id":877,"date":"2012-11-12T21:51:57","date_gmt":"2012-11-12T19:51:57","guid":{"rendered":"http:\/\/www.umacieja.net\/blog\/?p=877"},"modified":"2016-09-15T14:09:44","modified_gmt":"2016-09-15T12:09:44","slug":"wychowywac-ale-jak-skrec-w-prawo","status":"publish","type":"post","link":"https:\/\/umacieja.net\/blog\/?p=877","title":{"rendered":"Wychowywa\u0107, ale jak? Skr\u0119\u0107 w prawo&#8230;"},"content":{"rendered":"<p><img decoding=\"async\" loading=\"lazy\" class=\"aligncenter\" title=\"dom\" src=\"http:\/\/umacieja.net\/galeria\/albums\/userpics\/%C5%9Awi%C4%99cenia_2007_019.jpg\" alt=\"\" width=\"492\" height=\"370\" \/><\/p>\n<p>Ks. profesor J\u00f3zef Tischner odpowiedzia\u0142 na to pytanie tak: <em>&#8222;Wychowujesz cz\u0142owieka wtedy, gdy <strong>dbasz o dusz\u0119<\/strong>\u00a0 <\/em>(&#8230;)<em> I nie trzeba du\u017co, wystarczy dobrze pyta\u0107 (&#8230;) <\/em><em>Kiedy widzimy, \u017ce cz\u0142owiek w cz\u0142owieku \u015bpi, to go <strong>wypytujemy, przepytujemy i podpytujemy&#8221;.<\/strong><\/em> Czyli chodzi o zwyczajn\u0105 rozmow\u0119, czas po\u015bwi\u0119cony dziecku, wsp\u00f3lne posi\u0142ki, spacery, zabaw\u0119, ale i o wsp\u00f3ln\u0105 modlitw\u0119 w domu i w \u015bwi\u0105tyni. Niekt\u00f3rzy rodzice s\u0105dz\u0105, \u017ce to szko\u0142a powinna im dzieci wychowa\u0107; a mo\u017ce i policja? Owszem szko\u0142a ma pom\u00f3c, ale pierwszymi nauczycielami s\u0105 rodzice. I takie b\u0119d\u0105 dzieciaki, jak rodzice je wychowaj\u0105. Czy zadbaj\u0105 o dusz\u0119? Czy b\u0119d\u0105 wypytywa\u0107? Czy znajd\u0105 czas? Naj\u0142atwiej jest w\u0142\u0105czy\u0107 tv, pozwoli\u0107 na gry i internetowe czaty. Bo rodzice zm\u0119czeni i nikt im nie przeszkadza jakimi\u015b pytaniami, czy problemami. Toczy si\u0119 dyskusja o wychowaniu w naszej szkole, w domach i na forach w internecie.<\/p>\n<p>W Dniu Niepodleg\u0142o\u015bci zosta\u0142em zaproszony na msz\u0119 w intencji \u015bp. ojca mojego Kolegi i Ziomka &#8211; Pos\u0142a o zdrowych pogl\u0105dach prawicowych.\u00a0 Nie mog\u0142em by\u0107 na pogrzebie Ojca, wi\u0119c pojecha\u0142em na pierwsz\u0105 rocznic\u0119 Jego \u015bmierci. Po mszy pojechali\u015bmy z przyjaci\u00f3\u0142mi, z rodzin\u0105 i kopi\u0105 obrazu Matki Bo\u017cej Cz\u0119stochowskiej do domu Kolegi. Obraz MB Cz\u0119stochowskiej peregrynuje po diecezji toru\u0144skiej. Aby nie zab\u0142\u0105dzi\u0107, pojecha\u0142 ze mn\u0105 w samochodzie jako przewodnik Syn Kolegi &#8211; Micha\u0142, ministrant i ucze\u0144 klasy VI. Podczas jazdy m\u00f3wi mi &#8222;w prawo &#8222;. Za jaki\u015b czas &#8222;w prawo&#8221;, zn\u00f3w w &#8222;prawo&#8221;. Michale &#8211; pytam &#8211; czy\u00a0 Ty znasz drog\u0119 do domu? A on odpowiada, \u017ce jeszcze trzy razy b\u0119dziemy skr\u0119ca\u0107 w prawo&#8230; Co tu si\u0119 dziwi\u0107! Przecie\u017c z ko\u015bcio\u0142a jechali\u015bmy do prawicowego Pos\u0142a na Sejm RP. Sze\u015b\u0107 razy w prawo, \u017cadnego skr\u0119tu w lewo nie by\u0142o.<\/p>\n<p>Nie spodziewa\u0142em si\u0119, \u017ce tak pi\u0119knie prze\u017cyj\u0119 \u015bwi\u0119to 11 listopada. Po mszy \u015bwi\u0119tej, \u017bona Pos\u0142a Beata, przygotowa\u0142a\u00a0 smaczn\u0105 kolacj\u0119 (jak w kanie Galilejskiej z Matk\u0105 Bo\u017c\u0105 Cz\u0119stochowsk\u0105), by\u0142y dobre rozmowy w gronie rodzinnym i przyjaci\u00f3\u0142, wsp\u00f3lnie od\u015bpiewany Apel Jasnog\u00f3rski, transmitowany przez RM i modlitwa (jak wa\u017cn\u0105 i potrzebn\u0105 rol\u0119 spe\u0142nia RM i TV Trwam!) Jestem pod wra\u017ceniem dobrego przyk\u0142adu troski o dusz\u0119 cz\u0142owieka, jakiego do\u015bwiadczy\u0142em w tym Domu i w tej Rodzinie. To jest odpowied\u017a na pytanie jak wychowywa\u0107 dzisiaj? Skr\u0119\u0107 w prawo i tam znajdziesz drog\u0119 do szcz\u0119\u015bliwego domu, bo &#8222;dla nas po Bogu najwi\u0119ksza mi\u0142o\u015b\u0107 to Polska&#8221; (kardyna\u0142 Stefan Wyszy\u0144ski)<\/p>\n","protected":false},"excerpt":{"rendered":"<p>Ks. profesor J\u00f3zef Tischner odpowiedzia\u0142 na to pytanie tak: &#8222;Wychowujesz cz\u0142owieka wtedy, gdy dbasz o dusz\u0119\u00a0 (&#8230;) I nie trzeba du\u017co, wystarczy dobrze pyta\u0107 (&#8230;) Kiedy widzimy, \u017ce cz\u0142owiek w cz\u0142owieku \u015bpi, to go wypytujemy, przepytujemy i podpytujemy&#8221;. Czyli chodzi o zwyczajn\u0105 rozmow\u0119, czas po\u015bwi\u0119cony dziecku, wsp\u00f3lne posi\u0142ki, spacery, zabaw\u0119, ale i o wsp\u00f3ln\u0105 modlitw\u0119 [&hellip;]<\/p>\n","protected":false},"author":1,"featured_media":0,"comment_status":"open","ping_status":"closed","sticky":false,"template":"","format":"standard","meta":{"ngg_post_thumbnail":0},"categories":[1],"tags":[],"_links":{"self":[{"href":"https:\/\/umacieja.net\/blog\/index.php?rest_route=\/wp\/v2\/posts\/877"}],"collection":[{"href":"https:\/\/umacieja.net\/blog\/index.php?rest_route=\/wp\/v2\/posts"}],"about":[{"href":"https:\/\/umacieja.net\/blog\/index.php?rest_route=\/wp\/v2\/types\/post"}],"author":[{"embeddable":true,"href":"https:\/\/umacieja.net\/blog\/index.php?rest_route=\/wp\/v2\/users\/1"}],"replies":[{"embeddable":true,"href":"https:\/\/umacieja.net\/blog\/index.php?rest_route=%2Fwp%2Fv2%2Fcomments&post=877"}],"version-history":[{"count":0,"href":"https:\/\/umacieja.net\/blog\/index.php?rest_route=\/wp\/v2\/posts\/877\/revisions"}],"wp:attachment":[{"href":"https:\/\/umacieja.net\/blog\/index.php?rest_route=%2Fwp%2Fv2%2Fmedia&parent=877"}],"wp:term":[{"taxonomy":"category","embeddable":true,"href":"https:\/\/umacieja.net\/blog\/index.php?rest_route=%2Fwp%2Fv2%2Fcategories&post=877"},{"taxonomy":"post_tag","embeddable":true,"href":"https:\/\/umacieja.net\/blog\/index.php?rest_route=%2Fwp%2Fv2%2Ftags&post=877"}],"curies":[{"name":"wp","href":"https:\/\/api.w.org\/{rel}","templated":true}]}}