{"id":87,"date":"2009-05-06T22:49:43","date_gmt":"2009-05-06T20:49:43","guid":{"rendered":"http:\/\/www.xmj.livenet.pl\/blog\/?p=87"},"modified":"2017-03-16T15:35:09","modified_gmt":"2017-03-16T13:35:09","slug":"zniesc-celibat-i-co-dalej","status":"publish","type":"post","link":"https:\/\/umacieja.net\/blog\/?p=87","title":{"rendered":"Znie\u015b\u0107 celibat. I co dalej&#8230;?"},"content":{"rendered":"<p style=\"text-align: center;\"><img decoding=\"async\" loading=\"lazy\" src=\"http:\/\/umacieja.net\/galeria\/albums\/userpics\/Pielgrzymka_%C5%9Bladami_%C5%9Bwi%C4%99tych_809.jpg\" width=\"399\" height=\"532\"><\/p>\n<p>Czy ja jestem szcz\u0119\u015bliwy? Jestem. Gdy pytam pi\u0119knych dziewczyn i wspania\u0142ych ch\u0142opak\u00f3w w liceum o ich przysz\u0142o\u015b\u0107, czy mo\u017ce widz\u0105 swoje szcz\u0119\u015bcie w zakonie i kap\u0142a\u0144stwie? To odpowiadaj\u0105 najcz\u0119\u015bciej, \u017ce nie, bo celibat&#8230; chyba, \u017ce znios\u0105? Mamy teraz tydzie\u0144 modlitw o powo\u0142ania kap\u0142a\u0144skie. Podobno co&nbsp; czwarty kleryk w Europie to Polak, ale liczba powo\u0142a\u0144 spada te\u017c i w Polsce. Dlaczego?<\/p>\n<p>Dzisiaj bra\u0142em udzia\u0142 w spotkaniu i dyskusji z ks. Markiem Dziewieckim na temat: &#8222;Celibat kap\u0142a\u0144ski a realizacja m\u0119sko\u015bci i ojcostwa&#8221;. Prelegent ciekawie burzy\u0142 wiele stereotyp\u00f3w, wprowadza\u0142 nowe spojrzenie na \u017cycie i na podstawie w\u0142asnych do\u015bwiadcze\u0144 duszpasterskich ukazywa\u0142 jak by\u0107 duchownym Tatusiem.<\/p>\n<p>Celibat nie jest zgodny z natur\u0105 ludzk\u0105, bo natura d\u0105\u017cy do prokreacji. Jednak kto mo\u017ce poj\u0105\u0107, niech pojmuje: wiem, \u017ce mog\u0119 zrezygnowa\u0107 z tego co naturalne dla tego co nadnaturalne. Ze wzgl\u0119du na wi\u0119\u017a z Chrystusem i lud\u017ami, do kt\u00f3rych On mnie posy\u0142a. Jestem realist\u0105 i wiem, \u017ce&nbsp; zachowanie czysto\u015bci i wierno\u015bci w ma\u0142\u017ce\u0144stwie nie jest wcale \u0142atwiejsze ni\u017c zachowanie czysto\u015bci w kap\u0142a\u0144stwie.<\/p>\n<p>Je\u015bli ja panuj\u0119 nad swoj\u0105&nbsp; p\u0142ciowo\u015bci\u0105, pop\u0119dami, cia\u0142em, zachciankami, wredno\u015bci\u0105 &#8211; to znaczy, \u017ce jestem sob\u0105 &#8211; mam siebie: panuj\u0119 nad sob\u0105 i mog\u0119 siebie da\u0107 &#8211; komu\u015b; Jezusowi, Ko\u015bcio\u0142owi, ukochanej. Jak mam &#8211; to dam&#8230;&nbsp; Trudna jest ta droga.<\/p>\n<p>Zapyta\u0142em te\u017c ks. Marka, aby mi wyja\u015bni\u0142 (jest do\u015bwiadczonym psychologiem): dlaczego niekt\u00f3rzy ludzie s\u0105 cynikami i lubi\u0105 bardzo plotkowa\u0107? Postawi\u0142 tez\u0119, \u017ce ci ludzie s\u0105 nieszcz\u0119\u015bliwi &#8211; niespe\u0142nieni i sobie to rekompensuj\u0105&#8230; w\u0142a\u015bnie cynizmem i plotkami. Brak im mi\u0142o\u015bci. Nie potrafi\u0105 kocha\u0107. A mi\u0142o\u015b\u0107 to wyb\u00f3r drogi mi\u0142o\u015bci i wierno\u015b\u0107 wyborowi&#8230; (\u015bw. Augustyn)<\/p>\n<p>Co s\u0105dzisz o celibacie? Tylko szczerze&#8230; kawa na \u0142aw\u0119.<\/p>\n","protected":false},"excerpt":{"rendered":"<p>Czy ja jestem szcz\u0119\u015bliwy? Jestem. Gdy pytam pi\u0119knych dziewczyn i wspania\u0142ych ch\u0142opak\u00f3w w liceum o ich przysz\u0142o\u015b\u0107, czy mo\u017ce widz\u0105 swoje szcz\u0119\u015bcie w zakonie i kap\u0142a\u0144stwie? To odpowiadaj\u0105 najcz\u0119\u015bciej, \u017ce nie, bo celibat&#8230; chyba, \u017ce znios\u0105? Mamy teraz tydzie\u0144 modlitw o powo\u0142ania kap\u0142a\u0144skie. Podobno co&nbsp; czwarty kleryk w Europie to Polak, ale liczba powo\u0142a\u0144 spada [&hellip;]<\/p>\n","protected":false},"author":1,"featured_media":0,"comment_status":"open","ping_status":"closed","sticky":false,"template":"","format":"standard","meta":{"ngg_post_thumbnail":0},"categories":[1],"tags":[],"_links":{"self":[{"href":"https:\/\/umacieja.net\/blog\/index.php?rest_route=\/wp\/v2\/posts\/87"}],"collection":[{"href":"https:\/\/umacieja.net\/blog\/index.php?rest_route=\/wp\/v2\/posts"}],"about":[{"href":"https:\/\/umacieja.net\/blog\/index.php?rest_route=\/wp\/v2\/types\/post"}],"author":[{"embeddable":true,"href":"https:\/\/umacieja.net\/blog\/index.php?rest_route=\/wp\/v2\/users\/1"}],"replies":[{"embeddable":true,"href":"https:\/\/umacieja.net\/blog\/index.php?rest_route=%2Fwp%2Fv2%2Fcomments&post=87"}],"version-history":[{"count":0,"href":"https:\/\/umacieja.net\/blog\/index.php?rest_route=\/wp\/v2\/posts\/87\/revisions"}],"wp:attachment":[{"href":"https:\/\/umacieja.net\/blog\/index.php?rest_route=%2Fwp%2Fv2%2Fmedia&parent=87"}],"wp:term":[{"taxonomy":"category","embeddable":true,"href":"https:\/\/umacieja.net\/blog\/index.php?rest_route=%2Fwp%2Fv2%2Fcategories&post=87"},{"taxonomy":"post_tag","embeddable":true,"href":"https:\/\/umacieja.net\/blog\/index.php?rest_route=%2Fwp%2Fv2%2Ftags&post=87"}],"curies":[{"name":"wp","href":"https:\/\/api.w.org\/{rel}","templated":true}]}}