{"id":86,"date":"2009-04-25T22:01:50","date_gmt":"2009-04-25T20:01:50","guid":{"rendered":"http:\/\/www.xmj.livenet.pl\/blog\/?p=86"},"modified":"2011-03-08T19:31:58","modified_gmt":"2011-03-08T17:31:58","slug":"gdy-ma-sie-ku-zachodowi","status":"publish","type":"post","link":"https:\/\/umacieja.net\/blog\/?p=86","title":{"rendered":"Gdy ma si\u0119 ku zachodowi&#8230;"},"content":{"rendered":"<p style=\"text-align: center\"><img decoding=\"async\" loading=\"lazy\" src=\"http:\/\/umacieja.net\/galeria\/albums\/userpics\/Triduum_P_06_094.jpg\" height=\"369\" width=\"492\" \/><\/p>\n<p>Lubi\u0119 mieszka\u0107 w Biblii i wyczyta\u0107 moje \u017cycie z Niej. Zawsze, gdy w\u0119druj\u0119 z uczniami do Emaus, zapraszam Go: zosta\u0144 ze mn\u0105, bo ma si\u0119 ku zachodowi. 21 lat temu wyczyta\u0142em moje \u017cycie z psalmu 16 podczas jednej z medytacji: &#8222;Ty\u015b jest Panem moim. Ty scie\u017ck\u0119 \u017cycia mi uka\u017cesz, pe\u0142ni\u0119 rado\u015bci u Ciebie i wieczn\u0105 rozkosz po Twojej prawicy&#8221;. S\u0142owa te w\u0142o\u017cy\u0142em na obrazek prymicyjny i one sta\u0142y si\u0119 moim mottem przewodnim w \u017cyciu. W\u0142a\u015bciwie to ca\u0142y program, droga, cel \u017cycia tu s\u0105 zawarte. Nic wi\u0119cej; wiem kto jest moim Panem, znam \u015bcie\u017ck\u0119 i\u00a0 rado\u015b\u0107 z niej p\u0142yn\u0105c\u0105. Wiem, \u017ce doskona\u0142y nie jestem, upadam i grzesz\u0119 (nie jestem anio\u0142em) &#8211; ale mam nadziej\u0119 na wieczn\u0105 rozkosz&#8230;<\/p>\n<p>Dziesi\u0119\u0107 lat temu pozna\u0142em u O. Jana G\u00f3ry na Jamnej\u00a0 opowie\u015b\u0107 o jego przyjacielu &#8211; \u017bydzie Romanie Brandstaetterze (jeden pok\u00f3j po\u015bwi\u0119ci\u0142 jego osobie, np. ma jego znoszone buty &#8211; jak relikwie), kt\u00f3rego domem by\u0142a Biblia: pisa\u0142 tak: &#8222;Biblio, ojczyzno moja (&#8230;) gdy ma si\u0119 ku zachodowi (&#8230;)\u00a0 siedz\u0119 nad Tob\u0105&#8230;&#8221; Na Niej uczy\u0142 si\u0119 \u017cy\u0107, my\u015ble\u0107, kocha\u0107, m\u0105dro\u015bci, przebaczenia, pokory, modlitwy&#8230;<\/p>\n<p>Prze\u017cywamy pierwszy Tydzie\u0144 Biblijny. Ma on nam pom\u00f3c zamieszka\u0107 w Biblii i wyczyta\u0107 swoje \u017cycie z Niej. Siedzisz nad Bibli\u0105? A dzie\u0144 ma si\u0119 ku zachodowi. Masz gdzie zamieszka\u0107&#8230;(w kt\u00f3rej ksi\u0119dze)?<\/p>\n","protected":false},"excerpt":{"rendered":"<p>Lubi\u0119 mieszka\u0107 w Biblii i wyczyta\u0107 moje \u017cycie z Niej. Zawsze, gdy w\u0119druj\u0119 z uczniami do Emaus, zapraszam Go: zosta\u0144 ze mn\u0105, bo ma si\u0119 ku zachodowi. 21 lat temu wyczyta\u0142em moje \u017cycie z psalmu 16 podczas jednej z medytacji: &#8222;Ty\u015b jest Panem moim. Ty scie\u017ck\u0119 \u017cycia mi uka\u017cesz, pe\u0142ni\u0119 rado\u015bci u Ciebie i wieczn\u0105 [&hellip;]<\/p>\n","protected":false},"author":1,"featured_media":0,"comment_status":"open","ping_status":"closed","sticky":false,"template":"","format":"standard","meta":{"ngg_post_thumbnail":0},"categories":[1],"tags":[],"_links":{"self":[{"href":"https:\/\/umacieja.net\/blog\/index.php?rest_route=\/wp\/v2\/posts\/86"}],"collection":[{"href":"https:\/\/umacieja.net\/blog\/index.php?rest_route=\/wp\/v2\/posts"}],"about":[{"href":"https:\/\/umacieja.net\/blog\/index.php?rest_route=\/wp\/v2\/types\/post"}],"author":[{"embeddable":true,"href":"https:\/\/umacieja.net\/blog\/index.php?rest_route=\/wp\/v2\/users\/1"}],"replies":[{"embeddable":true,"href":"https:\/\/umacieja.net\/blog\/index.php?rest_route=%2Fwp%2Fv2%2Fcomments&post=86"}],"version-history":[{"count":0,"href":"https:\/\/umacieja.net\/blog\/index.php?rest_route=\/wp\/v2\/posts\/86\/revisions"}],"wp:attachment":[{"href":"https:\/\/umacieja.net\/blog\/index.php?rest_route=%2Fwp%2Fv2%2Fmedia&parent=86"}],"wp:term":[{"taxonomy":"category","embeddable":true,"href":"https:\/\/umacieja.net\/blog\/index.php?rest_route=%2Fwp%2Fv2%2Fcategories&post=86"},{"taxonomy":"post_tag","embeddable":true,"href":"https:\/\/umacieja.net\/blog\/index.php?rest_route=%2Fwp%2Fv2%2Ftags&post=86"}],"curies":[{"name":"wp","href":"https:\/\/api.w.org\/{rel}","templated":true}]}}