{"id":84,"date":"2009-04-16T22:51:00","date_gmt":"2009-04-16T20:51:00","guid":{"rendered":"http:\/\/www.xmj.livenet.pl\/blog\/?p=84"},"modified":"2011-03-08T19:32:40","modified_gmt":"2011-03-08T17:32:40","slug":"wiosna-szaleje","status":"publish","type":"post","link":"https:\/\/umacieja.net\/blog\/?p=84","title":{"rendered":"Wiosna szaleje"},"content":{"rendered":"<p style=\"text-align: center\"><img decoding=\"async\" loading=\"lazy\" src=\"http:\/\/umacieja.net\/galeria\/albums\/userpics\/Wiosna_07_069.jpg\" height=\"369\" width=\"492\" \/><\/p>\n<p>D\u0142ugi by\u0142 tegoroczny Wielki Post, bo zacz\u0105\u0142 si\u0119 ju\u017c w lutym, a sko\u0144czy\u0142 w kwietniu. I wiosna wystrzeli\u0142a tak nagle. Lasy wy\u015bcielone bia\u0142ymi i fioletowymi kwiatami. Chwytaj\u0105 s\u0142o\u0144ce, p\u00f3ki mog\u0105. Warto i\u015b\u0107 w las&#8230; i popatrze\u0107.<\/p>\n<p>Dzisiaj wystawia\u0142em oceny i zapyta\u0142em uczni\u00f3w klasy III o to, co im da\u0142a katecheza przez te 3 lata. Mia\u0142em\u00a0 szcz\u0119\u015bcie uczy\u0107 t\u0119 klas\u0119 przez 3 lata i nie wiem czy nauczy\u0142em i czego nauczy\u0142em&#8230;?\u00a0 Nie spodziewam si\u0119 nadzwyczajnych rzeczy. Z t\u0105 klas\u0105 prze\u017cy\u0142em ciekawy eksperyment pr\u00f3bnej matury z religii. Byli\u015bmy na wycieczce w P\u0142ocku i na pielgrzymce na Jasn\u0105 G\u00f3r\u0119 oraz na rowerowej do Rostkowa. Prze\u017cyli\u015bmy wiele ciekawych dyskusji, rozm\u00f3w oraz bibliodram&#8230;\u00a0 K\u0142\u00f3cili\u015bmy si\u0119 wielokrotnie. S\u0105 poranieni i podzieleni. To boli, gdy nie ma jedno\u015bci my\u015bli, marze\u0144, cel\u00f3w&#8230; Mo\u017ce po prostu wa\u017cne to, \u017ce by\u0142em z nimi? Jezus w\u0142a\u015bnie trzy lata uczy\u0142 aposto\u0142\u00f3w; i co? Zdradzili, zaparli si\u0119, nie poznali&#8230; ale poczuli wiosn\u0119 po 7 kwietnia 30 roku. I poszli jak burza w \u015bwiat. Co si\u0119 sta\u0142o? Spotkali OSOBI\u015aCIE Zmartwychwsta\u0142ego Pana, pouczyli \u015bwie\u017co\u015b\u0107 pustego grobu, dali si\u0119 porwa\u0107 i ponie\u015bli w \u015bwiat Dobr\u0105 Nowin\u0119. Tak bardzo chcia\u0142bym, aby ka\u017cdy z moich Uczni\u00f3w i ka\u017cda z Uczennic &#8211; spotkali OSOBI\u015aCIE Jezusa Chrystusa Zmartwychwsta\u0142ego. Bo na nic te katechezy, formacje, grupy i spotkania, rozmowy i komentarze, gdy nie spotkasz Jezusa: w sakramentach, modlitwie, Mszy, Adoracji, w drugim cz\u0142owieku, w Biblii. Gdy nie us\u0142yszysz jak On wo\u0142a Ci\u0119 po imieniu&#8230; Mario! Kasiu, Agnieszko, Kacprze, Michale, Marto, Saro, Joanno, Moniko, Agnieszko, Karolino, Kamilu&#8230;<\/p>\n<p>Jutro wyruszam z Sylwi\u0105 do Kalisza na og\u00f3lnopolski fina\u0142\u00a0 Olimpiady Teologii Katolickiej. Ju\u017c po raz dziesi\u0105ty bior\u0119 udzia\u0142 w finale. Ma\u0142y jubileusz. Pok\u0142oni\u0119 si\u0119 tym razem \u015bw. J\u00f3zefowi i pos\u0142ucham wiosny.<\/p>\n<p>Czy s\u0142yszysz jak On wo\u0142a Ciebie po imieniu? Czy czujesz wiosn\u0119?<\/p>\n","protected":false},"excerpt":{"rendered":"<p>D\u0142ugi by\u0142 tegoroczny Wielki Post, bo zacz\u0105\u0142 si\u0119 ju\u017c w lutym, a sko\u0144czy\u0142 w kwietniu. I wiosna wystrzeli\u0142a tak nagle. Lasy wy\u015bcielone bia\u0142ymi i fioletowymi kwiatami. Chwytaj\u0105 s\u0142o\u0144ce, p\u00f3ki mog\u0105. Warto i\u015b\u0107 w las&#8230; i popatrze\u0107. Dzisiaj wystawia\u0142em oceny i zapyta\u0142em uczni\u00f3w klasy III o to, co im da\u0142a katecheza przez te 3 lata. Mia\u0142em\u00a0 [&hellip;]<\/p>\n","protected":false},"author":1,"featured_media":0,"comment_status":"open","ping_status":"closed","sticky":false,"template":"","format":"standard","meta":{"ngg_post_thumbnail":0},"categories":[1],"tags":[],"_links":{"self":[{"href":"https:\/\/umacieja.net\/blog\/index.php?rest_route=\/wp\/v2\/posts\/84"}],"collection":[{"href":"https:\/\/umacieja.net\/blog\/index.php?rest_route=\/wp\/v2\/posts"}],"about":[{"href":"https:\/\/umacieja.net\/blog\/index.php?rest_route=\/wp\/v2\/types\/post"}],"author":[{"embeddable":true,"href":"https:\/\/umacieja.net\/blog\/index.php?rest_route=\/wp\/v2\/users\/1"}],"replies":[{"embeddable":true,"href":"https:\/\/umacieja.net\/blog\/index.php?rest_route=%2Fwp%2Fv2%2Fcomments&post=84"}],"version-history":[{"count":0,"href":"https:\/\/umacieja.net\/blog\/index.php?rest_route=\/wp\/v2\/posts\/84\/revisions"}],"wp:attachment":[{"href":"https:\/\/umacieja.net\/blog\/index.php?rest_route=%2Fwp%2Fv2%2Fmedia&parent=84"}],"wp:term":[{"taxonomy":"category","embeddable":true,"href":"https:\/\/umacieja.net\/blog\/index.php?rest_route=%2Fwp%2Fv2%2Fcategories&post=84"},{"taxonomy":"post_tag","embeddable":true,"href":"https:\/\/umacieja.net\/blog\/index.php?rest_route=%2Fwp%2Fv2%2Ftags&post=84"}],"curies":[{"name":"wp","href":"https:\/\/api.w.org\/{rel}","templated":true}]}}