{"id":80,"date":"2009-04-01T21:30:28","date_gmt":"2009-04-01T19:30:28","guid":{"rendered":"http:\/\/www.xmj.livenet.pl\/blog\/?p=80"},"modified":"2011-03-08T19:33:53","modified_gmt":"2011-03-08T17:33:53","slug":"jak-wy-to-robicie-dominus-flevit","status":"publish","type":"post","link":"https:\/\/umacieja.net\/blog\/?p=80","title":{"rendered":"Jak Wy to robicie? Dominus Flevit&#8230;"},"content":{"rendered":"<p style=\"text-align: center\"><img decoding=\"async\" loading=\"lazy\" src=\"http:\/\/umacieja.net\/galeria\/albums\/userpics\/Ziemia_Swi%C4%99ta_07_500%7E0.jpg\" height=\"369\" width=\"491\" \/><\/p>\n<p>Palce mnie ju\u017c bol\u0105 od rozgrzeszania w konfesjonale. I jeszcze pewnie pobol\u0105 troch\u0119&#8230;To dobrze. Do \u015bwi\u0105t ponad tydzie\u0144.\u00a0 Gr\u00f3b Pa\u0144ski zaczynamy wykuwa\u0107 w skale w najbli\u017csz\u0105 sobot\u0119. Na ten pi\u0119kny czas paschalny Wielkiego Tygodnia, zagl\u0105daj\u0105cym pod moj\u0105 strzech\u0119, \u017cycz\u0119 pog\u0142\u0119bionej wiary, gor\u0105cej mi\u0142o\u015bci, niezawodnej nadziei. Pozw\u00f3lmy ogarn\u0105\u0107 si\u0119 tajemnicy Odkupienia.<\/p>\n<p>Fotografia ukazuje Jerozolim\u0119 z perspektywy ko\u015bcio\u0142a &#8222;Dominus Flevit&#8221; (Pan zap\u0142aka\u0142) na G\u00f3rze Oliwnej. Najpi\u0119kniejszy widok na \u015awi\u0119te Miasto w\u0142a\u015bnie rozci\u0105ga si\u0119 z G\u00f3ry Oliwnej. Tam, gdzie Pan Jezus przed m\u0119k\u0105 zap\u0142aka\u0142 nad tym miastem. (\u0141k13, 34-35). Architektura ko\u015bcio\u0142a przypomina zastyg\u0142\u0105 \u0142z\u0119. Dlaczego Jezus zap\u0142aka\u0142? My\u015bl\u0119, \u017ce nade mn\u0105 zap\u0142aka\u0142, nad \u015bwiatem zap\u0142aka\u0142, nad grzechem, i nad Tob\u0105&#8230;?<\/p>\n<p>Zas\u0142ysza\u0142em dzi\u015b na rekolekcjach ciekawy przyk\u0142ad z wizyty Jana Paw\u0142a II w Gorzowie. Ludzie podczas kazania przerywali cz\u0119sto brawami, okrzykami i \u015bpiewami: &#8222;Kochamy Ciebie&#8230;&#8221;. Ojciec \u015awi\u0119ty przerwa\u0142 kazanie i zapyta\u0142: &#8222;<strong>a Jak wy to robicie&#8230;?<\/strong>&#8222;. No w\u0142a\u015bnie. Cz\u0119sto sami m\u00f3wimy: kochamy Jezusa, naszego Papie\u017ca (IV rocznica Jego \u015bmierci), bli\u017aniego, dziecko, nauczyciela, rodzic\u00f3w, ma\u0142\u017conka, dziewczyn\u0119, ch\u0142opaka, ojczyzn\u0119&#8230; <strong>Ale jak Wy to robicie?<\/strong><\/p>\n<p>Czy Jezus zn\u00f3w zap\u0142acze&#8230;?<a href=\"http:\/\/www.youtube.com\/watch?v=W0LB9QO1Puk\">http:\/\/www.youtube.com\/watch?v=W0LB9QO1Puk<\/a><\/p>\n","protected":false},"excerpt":{"rendered":"<p>Palce mnie ju\u017c bol\u0105 od rozgrzeszania w konfesjonale. I jeszcze pewnie pobol\u0105 troch\u0119&#8230;To dobrze. Do \u015bwi\u0105t ponad tydzie\u0144.\u00a0 Gr\u00f3b Pa\u0144ski zaczynamy wykuwa\u0107 w skale w najbli\u017csz\u0105 sobot\u0119. Na ten pi\u0119kny czas paschalny Wielkiego Tygodnia, zagl\u0105daj\u0105cym pod moj\u0105 strzech\u0119, \u017cycz\u0119 pog\u0142\u0119bionej wiary, gor\u0105cej mi\u0142o\u015bci, niezawodnej nadziei. Pozw\u00f3lmy ogarn\u0105\u0107 si\u0119 tajemnicy Odkupienia. Fotografia ukazuje Jerozolim\u0119 z perspektywy [&hellip;]<\/p>\n","protected":false},"author":1,"featured_media":0,"comment_status":"open","ping_status":"closed","sticky":false,"template":"","format":"standard","meta":{"ngg_post_thumbnail":0},"categories":[1],"tags":[],"_links":{"self":[{"href":"https:\/\/umacieja.net\/blog\/index.php?rest_route=\/wp\/v2\/posts\/80"}],"collection":[{"href":"https:\/\/umacieja.net\/blog\/index.php?rest_route=\/wp\/v2\/posts"}],"about":[{"href":"https:\/\/umacieja.net\/blog\/index.php?rest_route=\/wp\/v2\/types\/post"}],"author":[{"embeddable":true,"href":"https:\/\/umacieja.net\/blog\/index.php?rest_route=\/wp\/v2\/users\/1"}],"replies":[{"embeddable":true,"href":"https:\/\/umacieja.net\/blog\/index.php?rest_route=%2Fwp%2Fv2%2Fcomments&post=80"}],"version-history":[{"count":0,"href":"https:\/\/umacieja.net\/blog\/index.php?rest_route=\/wp\/v2\/posts\/80\/revisions"}],"wp:attachment":[{"href":"https:\/\/umacieja.net\/blog\/index.php?rest_route=%2Fwp%2Fv2%2Fmedia&parent=80"}],"wp:term":[{"taxonomy":"category","embeddable":true,"href":"https:\/\/umacieja.net\/blog\/index.php?rest_route=%2Fwp%2Fv2%2Fcategories&post=80"},{"taxonomy":"post_tag","embeddable":true,"href":"https:\/\/umacieja.net\/blog\/index.php?rest_route=%2Fwp%2Fv2%2Ftags&post=80"}],"curies":[{"name":"wp","href":"https:\/\/api.w.org\/{rel}","templated":true}]}}