{"id":76,"date":"2009-03-19T23:58:25","date_gmt":"2009-03-19T21:58:25","guid":{"rendered":"http:\/\/www.xmj.livenet.pl\/blog\/?p=76"},"modified":"2011-03-08T19:34:46","modified_gmt":"2011-03-08T17:34:46","slug":"wolnosc-i-odpowiedzialnosc","status":"publish","type":"post","link":"https:\/\/umacieja.net\/blog\/?p=76","title":{"rendered":"Wolno\u015b\u0107 i odpowiedzialno\u015b\u0107; czy umywanie r\u0105k?"},"content":{"rendered":"<p style=\"text-align: center\"><img decoding=\"async\" loading=\"lazy\" src=\"http:\/\/umacieja.net\/galeria\/albums\/userpics\/Pary%C5%BC_08_022.jpg\" height=\"367\" width=\"490\" \/><\/p>\n<p>Obrazek pochodzi z Francji. Ma wymiar symbolu. <strong>Obmycie r\u0105k przez Pi\u0142ata <\/strong><em>(Pi\u0142at\u00f3w &#8211; w\u015br\u00f3d nich i ja&#8230;)<\/em> : To znaczy zrzucenie odpowiedzialno\u015bci na innych, uwolnienie si\u0119 od niej i my\u015blenie: a co mnie to obchodzi, niech si\u0119 inni martwi\u0105, ja chc\u0119 mie\u0107 spokojn\u0105 g\u0142ow\u0119 i \u015bwi\u0119ty spok\u00f3j, bez konsekwencji i odpowiedzialno\u015bci, to nie moja sprawa. Jestem niewinny&#8230;? Ja jestem wolny&#8230; Ta scena z ewangelii powtarza si\u0119 cz\u0119sto w naszym codziennym \u017cyciu.<\/p>\n<p>&#8222;Jestem odpowiedzialny za to co oswoi\u0142em, za swoj\u0105 r\u00f3\u017c\u0119&#8221; &#8211; powiedzia\u0142 Lis do Ma\u0142ego Ksi\u0119cia. I tu przychodz\u0105 na my\u015bl r\u00f3\u017cne zdarzenia i sytuacje. Wychowawca w szkole jest odpowiedzialny za swoje R\u00d3\u017b\u0118; za jej wychowanie &#8211; wzrost. Szkoda, \u017ce tak niewielu wychowawc\u00f3w wychowuje &#8211; odpowiada za nie. Np. rekolekcje wielkopostne &#8211; Ko\u015bci\u00f3\u0142 daje ku temu okazje. Pomaga wychowywa\u0107. Czy tak naprawd\u0119 trudno i\u015b\u0107 z klas\u0105 do ko\u015bcio\u0142a, zaprowadzi\u0107, pokaza\u0107, zobowi\u0105za\u0107? Albo czy nie mo\u017cna pojecha\u0107 ze swoj\u0105 klas\u0105 czy ze swoj\u0105 szko\u0142\u0105 na Jasn\u0105 G\u00f3r\u0119 raz na 3 lata tu\u017c przed matur\u0105 swoich wychowank\u00f3w? Obmywam r\u0119ce jak Pi\u0142at&#8230;? Nie bior\u0119 odpowiedzialno\u015bci za to co oswajam?<\/p>\n<p>To prawda: jestem wolny; ale i odpowiedzialny za swoje r\u00f3\u017ce, kt\u00f3re oswajam. Chyba, \u017ce obmywam r\u0119ce &#8211; tak jak Pi\u0142at.<\/p>\n<p>Wr\u00f3ci\u0142em niedawno z filmu &#8222;Popie\u0142uszko. Wolno\u015b\u0107 jest w nas.&#8221; I przysz\u0142a taka refleksja: Pi\u0142at by\u0142 wolny i skaza\u0142 wolnego Cz\u0142owieka na \u015bmier\u0107. Genera\u0142 by\u0142 wolny i skaza\u0142 na \u015bmier\u0107 ks. Popie\u0142uszk\u0119. Wolno\u015b\u0107 jest w nas. A co z odpowiedzialno\u015bci\u0105? Umywamy r\u0119ce&#8230;?<\/p>\n<p>Wybieram si\u0119 w sobot\u0119 na Jasn\u0105 G\u00f3r\u0119 z maturzystami na pielgrzymk\u0119 &#8211; bo jeste\u015bmy wolni i odpowiedzialni; tylko szkoda, \u017ce niekt\u00f3rzy obmywaj\u0105 r\u0119ce od odpowiedzialno\u015bci&#8230; mo\u017ce brak im wolno\u015bci?<\/p>\n<p>Ps Na zdj\u0119ciu wraz z Robertem i Pi\u0142atem obmywamy r\u0119ce na szlaku drogi krzy\u017cowej pod Pary\u017cem. Ile jest Pi\u0142ata w Tobie?<\/p>\n<p><em> <strong><br \/>\n<\/strong><\/em><\/p>\n","protected":false},"excerpt":{"rendered":"<p>Obrazek pochodzi z Francji. Ma wymiar symbolu. Obmycie r\u0105k przez Pi\u0142ata (Pi\u0142at\u00f3w &#8211; w\u015br\u00f3d nich i ja&#8230;) : To znaczy zrzucenie odpowiedzialno\u015bci na innych, uwolnienie si\u0119 od niej i my\u015blenie: a co mnie to obchodzi, niech si\u0119 inni martwi\u0105, ja chc\u0119 mie\u0107 spokojn\u0105 g\u0142ow\u0119 i \u015bwi\u0119ty spok\u00f3j, bez konsekwencji i odpowiedzialno\u015bci, to nie moja sprawa. [&hellip;]<\/p>\n","protected":false},"author":1,"featured_media":0,"comment_status":"open","ping_status":"closed","sticky":false,"template":"","format":"standard","meta":{"ngg_post_thumbnail":0},"categories":[1],"tags":[],"_links":{"self":[{"href":"https:\/\/umacieja.net\/blog\/index.php?rest_route=\/wp\/v2\/posts\/76"}],"collection":[{"href":"https:\/\/umacieja.net\/blog\/index.php?rest_route=\/wp\/v2\/posts"}],"about":[{"href":"https:\/\/umacieja.net\/blog\/index.php?rest_route=\/wp\/v2\/types\/post"}],"author":[{"embeddable":true,"href":"https:\/\/umacieja.net\/blog\/index.php?rest_route=\/wp\/v2\/users\/1"}],"replies":[{"embeddable":true,"href":"https:\/\/umacieja.net\/blog\/index.php?rest_route=%2Fwp%2Fv2%2Fcomments&post=76"}],"version-history":[{"count":0,"href":"https:\/\/umacieja.net\/blog\/index.php?rest_route=\/wp\/v2\/posts\/76\/revisions"}],"wp:attachment":[{"href":"https:\/\/umacieja.net\/blog\/index.php?rest_route=%2Fwp%2Fv2%2Fmedia&parent=76"}],"wp:term":[{"taxonomy":"category","embeddable":true,"href":"https:\/\/umacieja.net\/blog\/index.php?rest_route=%2Fwp%2Fv2%2Fcategories&post=76"},{"taxonomy":"post_tag","embeddable":true,"href":"https:\/\/umacieja.net\/blog\/index.php?rest_route=%2Fwp%2Fv2%2Ftags&post=76"}],"curies":[{"name":"wp","href":"https:\/\/api.w.org\/{rel}","templated":true}]}}