{"id":74,"date":"2009-03-05T22:58:29","date_gmt":"2009-03-05T20:58:29","guid":{"rendered":"http:\/\/www.xmj.livenet.pl\/blog\/?p=74"},"modified":"2011-03-08T19:35:31","modified_gmt":"2011-03-08T17:35:31","slug":"katecheta-to-wieszak","status":"publish","type":"post","link":"https:\/\/umacieja.net\/blog\/?p=74","title":{"rendered":"Katecheta to wieszak&#8230;"},"content":{"rendered":"<p style=\"text-align: center\"><img decoding=\"async\" loading=\"lazy\" src=\"http:\/\/umacieja.net\/galeria\/albums\/userpics\/Tomek_maj_08_091.jpg\" height=\"551\" width=\"413\" \/><\/p>\n<p>Afro rozpaczliwie mnie poszukiwa\u0142o&#8230;Wi\u0119c jestem, znalaz\u0142em si\u0119. Podziwiam Afro za jedwabist\u0105 \u015bwie\u017co\u015b\u0107, pracowito\u015b\u0107, inicjatyw\u0119, ch\u0119ci do pracy no w\u0142a\u015bnie nie\u0142atwej &#8211; bo katechetycznej. Sam jestem katechet\u0105 od 18 lat. U\u015bwiadomi\u0142em to sobie wczoraj na Olimpiadzie Teologii Katolickiej w P\u0142ocku, \u017ce to ju\u017c tyle lat! Etap diecezjalny odbywa\u0142 si\u0119 w tzw &#8222;Ekonomiku&#8221; w P\u0142ocku, niedaleko seminarium. To w\u0142a\u015bnie w tej szkole 18 lat temu zaczyna\u0142em &#8222;uczy\u0107 religii&#8221; w ramach praktyk katechetycznych. Bardzo mocno prze\u017cywa\u0142em te dwie godziny katechezy w tygodniu. I pi\u0119knie si\u0119 z\u0142o\u017cy\u0142o, \u017ce na tegoroczn\u0105 Olimpiad\u0119 przywioz\u0142em moj\u0105 18- letni\u0105 uczennic\u0119 &#8211; Sylwi\u0119. Oczywi\u015bcie obja\u015bni\u0142em Sylwii zbie\u017cno\u015b\u0107 tych dw\u00f3ch osiemnastek. (Ma\u0142e podsumowanie si\u0119 przyda, wi\u0119c policzy\u0142em moich olimpijczyk\u00f3w: laureat\u00f3w i finalist\u00f3w &#8211; wysz\u0142o 10 os\u00f3b). Ciekawy jubileusz&#8230; Nagrodzony udzia\u0142em Uczennicy w finale og\u00f3lnopolskim OTK w Kaliszu.<br \/>\nDominikanin o. Andrzej Potocki powiedzia\u0142, \u017ce katecheta, to WIESZAK &#8211; ale nie taki na kt\u00f3rym wiesza si\u0119 palto, czy inne ubrania &#8211; ale na kt\u00f3rym spoczywa SZATA CHRYSTUSOWA. Wspominam dzisiaj z wdzi\u0119czno\u015bci\u0105 swoich katechet\u00f3w z m\u0142odo\u015bci i dzieci\u0144stwa. Pami\u0119tam t\u0119 oczekiwan\u0105 w tygodniu godzin\u0119 religii w ciasnej salce przy ko\u015bciele. To by\u0142o zakazane\u00a0 misterium. Niesamowity urok mia\u0142y te\u017c chwile wyczekiwania na ksi\u0119dza i rado\u015b\u0107 spotkania. A w zim\u0119 pami\u0119tam rozpalony prze ksi\u0119dza piec (tzw. koz\u0119) na \u015brodku sali. Wielk\u0105 frajd\u0105 by\u0142y prze\u017arocza wy\u015bwietlane na lekcji. Urokliwe spotkania op\u0142atkowe, czuwania wielkopostne, andrzejki, ostatki, obozy i rajdy rowerowe z katechetami. Najlepiej pami\u0119tam katechezy ks. WG.<\/p>\n<p>Dzisiaj mam \u015bwiadomo\u015b\u0107 tego, \u017ce katecheza w szkole nie jest idealnym rozwi\u0105zaniem. Dziwny i zjawiskowy to przedmiot.\u00a0 To\u00a0 raczej &#8222;Cienka czerwona linia&#8230;&#8221; (warto obejrze\u0107 ten film!) Trzeba wa\u017cy\u0107 s\u0142owa, zachowanie, reakcje, bo mo\u017cna oberwa\u0107 granatem od wszystkich; z g\u00f3ry, z do\u0142u, z boku i od \u015brodka. Czasem walka o zwyci\u0119stwo zmienia si\u0119 w walk\u0119 o przetrwanie. Spotykamy op\u00f3r, krwawe starcia z wrogiem, ewakuacj\u0119 ocala\u0142ych, ale i te\u017c niezwyk\u0142e wi\u0119zi przyja\u017ani, wsp\u00f3\u0142odczuwania, zrozumienia, rozmowy, spowiedzi. Zwyci\u0119stwa te duchowe i te na zawodach olimpijskich. Wieszaj\u0105 na katechet\u00f3w co si\u0119 da&#8230; i kto tylko mo\u017ce; \u017ce \u017ale, nie tak, brak tolerancji, niesprawiedliwo\u015b\u0107, brak realizmu, naiwno\u015b\u0107, niemodn\u0105 wiar\u0119, postne pi\u0105tki, nie\u017cyciowo\u015b\u0107, zacofanie, itp liberalne, modne, poprawne politycznie nowinki&#8230;<\/p>\n<p>A ja pomimo wszystko czuj\u0119, \u017ce na mnie &#8211; WIESZAKU &#8211; spoczywa SZATA CHRYSTUSOWA. I to jest pi\u0119kne! Warto by\u0107 takim wieszakiem.<\/p>\n<p>ps Jak wspominasz swoj\u0105 katechez\u0119?<\/p>\n","protected":false},"excerpt":{"rendered":"<p>Afro rozpaczliwie mnie poszukiwa\u0142o&#8230;Wi\u0119c jestem, znalaz\u0142em si\u0119. Podziwiam Afro za jedwabist\u0105 \u015bwie\u017co\u015b\u0107, pracowito\u015b\u0107, inicjatyw\u0119, ch\u0119ci do pracy no w\u0142a\u015bnie nie\u0142atwej &#8211; bo katechetycznej. Sam jestem katechet\u0105 od 18 lat. U\u015bwiadomi\u0142em to sobie wczoraj na Olimpiadzie Teologii Katolickiej w P\u0142ocku, \u017ce to ju\u017c tyle lat! Etap diecezjalny odbywa\u0142 si\u0119 w tzw &#8222;Ekonomiku&#8221; w P\u0142ocku, niedaleko seminarium. [&hellip;]<\/p>\n","protected":false},"author":1,"featured_media":0,"comment_status":"open","ping_status":"closed","sticky":false,"template":"","format":"standard","meta":{"ngg_post_thumbnail":0},"categories":[1],"tags":[],"_links":{"self":[{"href":"https:\/\/umacieja.net\/blog\/index.php?rest_route=\/wp\/v2\/posts\/74"}],"collection":[{"href":"https:\/\/umacieja.net\/blog\/index.php?rest_route=\/wp\/v2\/posts"}],"about":[{"href":"https:\/\/umacieja.net\/blog\/index.php?rest_route=\/wp\/v2\/types\/post"}],"author":[{"embeddable":true,"href":"https:\/\/umacieja.net\/blog\/index.php?rest_route=\/wp\/v2\/users\/1"}],"replies":[{"embeddable":true,"href":"https:\/\/umacieja.net\/blog\/index.php?rest_route=%2Fwp%2Fv2%2Fcomments&post=74"}],"version-history":[{"count":0,"href":"https:\/\/umacieja.net\/blog\/index.php?rest_route=\/wp\/v2\/posts\/74\/revisions"}],"wp:attachment":[{"href":"https:\/\/umacieja.net\/blog\/index.php?rest_route=%2Fwp%2Fv2%2Fmedia&parent=74"}],"wp:term":[{"taxonomy":"category","embeddable":true,"href":"https:\/\/umacieja.net\/blog\/index.php?rest_route=%2Fwp%2Fv2%2Fcategories&post=74"},{"taxonomy":"post_tag","embeddable":true,"href":"https:\/\/umacieja.net\/blog\/index.php?rest_route=%2Fwp%2Fv2%2Ftags&post=74"}],"curies":[{"name":"wp","href":"https:\/\/api.w.org\/{rel}","templated":true}]}}