{"id":73,"date":"2009-02-25T16:04:19","date_gmt":"2009-02-25T14:04:19","guid":{"rendered":"http:\/\/www.xmj.livenet.pl\/blog\/?p=73"},"modified":"2011-03-08T19:35:44","modified_gmt":"2011-03-08T17:35:44","slug":"ukrzyzowany-po-wielekroc","status":"publish","type":"post","link":"https:\/\/umacieja.net\/blog\/?p=73","title":{"rendered":"Ukrzy\u017cowany po wielekro\u0107"},"content":{"rendered":"<p style=\"text-align: center\"><img decoding=\"async\" loading=\"lazy\" src=\"http:\/\/umacieja.net\/galeria\/albums\/userpics\/Pielgrzymka_%C5%9Bladami_%C5%9Bwi%C4%99tych_208.jpg\" height=\"368\" width=\"490\" \/><\/p>\n<p>?Czekam na \u015arod\u0119 Popielcow\u0105 jak zg\u0142odnia\u0142y pies. A Wielki Post to moje Westerplatte, ostatni przycz\u00f3\u0142ek?. Tak m\u00f3wi\u0142 niedawno ks. Wojtek Drozdowicz. Jest co\u015b z tego oczekiwania i ch\u0119ci stoczenia bitwy w moim\u00a0 \u017cyciu. Ale dla kogo? Jaki z tego po\u017cytek? Co z tego ma Pan B\u00f3g, \u017ce ja poszcz\u0119? Post bez wiary i mi\u0142o\u015bci do Boga b\u0119dzie tylko diet\u0105, kolejn\u0105 sprawno\u015bci\u0105, salonem pi\u0119kno\u015bci, zrzuceniem zb\u0119dnych kilogram\u00f3w. Post jest dla ludzi wierz\u0105cych. Oznacza\u00a0 dobrowolne ograniczenie dotycz\u0105ce jedzenia, picia, kontaktu z lud\u017ami, ogl\u0105dania telewizji, podr\u00f3\u017cowania po Internecie,\u00a0 korzystania z rozrywek, wielom\u00f3wstwa. Po\u015bwi\u0119cenie czasu na modlitw\u0119, na prac\u0119 spo\u0142eczn\u0105, ja\u0142mu\u017cn\u0119, czytanie ksi\u0105\u017cek. Post to wyciszenie cia\u0142a i umys\u0142u. Chodzi o to, \u017ceby\u015bmy poczuli przemian\u0119 &#8211; lekko\u015b\u0107 bytu. Pozbyli si\u0119 toksycznych relacji, powi\u0105za\u0144, przyzwyczaje\u0144. I to wszystko z mi\u0142o\u015bci do Ukrzy\u017cowanego.<\/p>\n<p>Na naszych oczach Jezus Chrystus jest krzy\u017cowany zn\u00f3w i po wielekro\u0107 na nowo. To ja Go krzy\u017cuj\u0119 swoim grzechem. Przybijaj\u0105 Go do drzewa Krzy\u017ca te\u017c ci, kt\u00f3rzy walcz\u0105 z Nim; poprawni politycznie, prze\u015bladowcy chrze\u015bcijan, oboj\u0119tni &#8211; letni katolicy i ci, kt\u00f3rzy daj\u0105 anty \u015bwiadectwo wiary.<br \/>\n&#8211; Na Zachodzie dyskryminuje si\u0119 chrze\u015bcijan, kt\u00f3rzy otwarcie demonstruj\u0105 swoj\u0105 wiar\u0119. Brytyjska piel\u0119gniarka zosta\u0142a zawieszona w pracy, poniewa\u017c jednej ze swoich pacjentek zaoferowa\u0142a, \u017ce za ni\u0105 si\u0119 pomodli.<br \/>\n&#8211; To samo spotka\u0142o pracownic\u0119 British Airways, kt\u00f3ra przysz\u0142a do pracy z krzy\u017cem na szyi.<br \/>\n&#8211; Kilka tygodni temu g\u0142o\u015bno by\u0142o o 47-letnim Garym McFarlane, katolickim seksuologu, kt\u00f3ry odm\u00f3wi\u0142 konsultacji gejowskiej parze. Zatrudniaj\u0105ca go brytyjska sie\u0107 poradnictwa seksualnego i rodzinnego zawiesi\u0142a go w pracy.<br \/>\n&#8211; Atei\u015bci z\u0142o\u017cyli w s\u0105dzie w Waszyngtonie pozew przeciw Bogu. Domagaj\u0105 si\u0119 w nim, by sk\u0142adaj\u0105cy \u015blubowanie prezydent zrezygnowa\u0142 z wypowiadania s\u0142\u00f3w: &#8222;Tak mi dopom\u00f3\u017c B\u00f3g&#8221;. (Bo te s\u0142owa s\u0142u\u017c\u0105 promowaniu pogl\u0105du, \u017ce B\u00f3g jest)<br \/>\n&#8211; Pod pretekstem obrazy uczu\u0107 religijnych z walentynkowego konkursu firmy produkuj\u0105cej czekolady usuni\u0119to has\u0142a odwo\u0142uj\u0105ce si\u0119 do Boga (np. ?B\u00f3g kocha Ciebie dzisiaj i ja te\u017c?, ?Bo jak \u015bmier\u0107 pot\u0119\u017cna jest mi\u0142o\u015b\u0107. Kocham Ci\u0119. Ja te\u017c. I Ja. Ojciec, Syn i Duch \u015awi\u0119ty? ? Nie chcemy nikogo urazi\u0107 ? t\u0142umaczy producent czekolady. A kiedy na jakiej\u015b wystawie lub instalacji pojawia si\u0119 karykatura Chrystusa albo wizerunku Maryi, to jest to traktowane jako dzie\u0142o sztuki?<\/p>\n<p>Potrzebny jest tu kolejny owoc Ducha \u015awi\u0119tego ? cierpliwo\u015b\u0107. Samo s\u0142owo cierp &#8211; liwo\u015b\u0107 wida\u0107 powi\u0105zane jest z cierp ? ieniem. Zagl\u0105daj\u0105cym pod moj\u0105 strzech\u0119 \u017cycz\u0119 CIERP-LIWO\u015aCI na tegoroczn\u0105 bitw\u0119 wielkopostn\u0105: ?Nie daj Bo\u017ce, bym si\u0119 mia\u0142 chlubi\u0107 z czego innego, jak tylko z Krzy\u017ca Chrystusa, dzi\u0119ki temu \u015bwiat sta\u0142 si\u0119 ukrzy\u017cowany dla mnie, a ja dla \u015bwiata.?(Ga 6)<\/p>\n<p>PS. Zawalczysz? Masz o co? Czy \u015bwiat krzy\u017cuje Ciebie?<\/p>\n","protected":false},"excerpt":{"rendered":"<p>?Czekam na \u015arod\u0119 Popielcow\u0105 jak zg\u0142odnia\u0142y pies. A Wielki Post to moje Westerplatte, ostatni przycz\u00f3\u0142ek?. Tak m\u00f3wi\u0142 niedawno ks. Wojtek Drozdowicz. Jest co\u015b z tego oczekiwania i ch\u0119ci stoczenia bitwy w moim\u00a0 \u017cyciu. Ale dla kogo? Jaki z tego po\u017cytek? Co z tego ma Pan B\u00f3g, \u017ce ja poszcz\u0119? Post bez wiary i mi\u0142o\u015bci do [&hellip;]<\/p>\n","protected":false},"author":1,"featured_media":0,"comment_status":"open","ping_status":"closed","sticky":false,"template":"","format":"standard","meta":{"ngg_post_thumbnail":0},"categories":[1],"tags":[],"_links":{"self":[{"href":"https:\/\/umacieja.net\/blog\/index.php?rest_route=\/wp\/v2\/posts\/73"}],"collection":[{"href":"https:\/\/umacieja.net\/blog\/index.php?rest_route=\/wp\/v2\/posts"}],"about":[{"href":"https:\/\/umacieja.net\/blog\/index.php?rest_route=\/wp\/v2\/types\/post"}],"author":[{"embeddable":true,"href":"https:\/\/umacieja.net\/blog\/index.php?rest_route=\/wp\/v2\/users\/1"}],"replies":[{"embeddable":true,"href":"https:\/\/umacieja.net\/blog\/index.php?rest_route=%2Fwp%2Fv2%2Fcomments&post=73"}],"version-history":[{"count":0,"href":"https:\/\/umacieja.net\/blog\/index.php?rest_route=\/wp\/v2\/posts\/73\/revisions"}],"wp:attachment":[{"href":"https:\/\/umacieja.net\/blog\/index.php?rest_route=%2Fwp%2Fv2%2Fmedia&parent=73"}],"wp:term":[{"taxonomy":"category","embeddable":true,"href":"https:\/\/umacieja.net\/blog\/index.php?rest_route=%2Fwp%2Fv2%2Fcategories&post=73"},{"taxonomy":"post_tag","embeddable":true,"href":"https:\/\/umacieja.net\/blog\/index.php?rest_route=%2Fwp%2Fv2%2Ftags&post=73"}],"curies":[{"name":"wp","href":"https:\/\/api.w.org\/{rel}","templated":true}]}}