{"id":71,"date":"2009-02-12T10:39:01","date_gmt":"2009-02-12T08:39:01","guid":{"rendered":"http:\/\/www.xmj.livenet.pl\/blog\/?p=71"},"modified":"2011-03-08T19:36:18","modified_gmt":"2011-03-08T17:36:18","slug":"radosci-ty-moja","status":"publish","type":"post","link":"https:\/\/umacieja.net\/blog\/?p=71","title":{"rendered":"Rado\u015bci Ty moja&#8230;"},"content":{"rendered":"<p style=\"text-align: center\"><img decoding=\"async\" loading=\"lazy\" src=\"http:\/\/umacieja.net\/galeria\/albums\/userpics\/Pielgrzymka_%C5%9Bladami_%C5%9Bwi%C4%99tych_185.jpg\" height=\"370\" width=\"492\" \/><\/p>\n<p>\u015aw. Serafin z Sarowa to ostatni \u015bwi\u0119ty kanonizowany przed rosyjsk\u0105 rewolucj\u0105 1917 r. \u017by\u0142 w XVIII\/XIX w. Ulubiony patron wyznawc\u00f3w prawos\u0142awia i m\u00f3j ukochany. Pozna\u0142em go w Wilnie. Opowiada\u0142a mi o nim kiedy\u015b przewodniczka oprowadzaj\u0105ca nas po cerkwi. Jego obraz wisia\u0142 w nawie bocznej, nie by\u0142 dobrze widoczny. Zapami\u0119ta\u0142em to, \u017ce Serafin ka\u017cdego spotkanego cz\u0142owieka pozdrawia\u0142 s\u0142owami: &#8222;Witaj, rado\u015bci Ty moja! Chrystus zmartwychwsta\u0142!&#8221;. A wi\u0119c ka\u017cdego cz\u0142owieka spotyka\u0142 i prze\u017cywa\u0142 jako rado\u015b\u0107. To trudne, bo nie ka\u017cdy bli\u017ani jest rado\u015bci\u0105 spotkania. Czasem wr\u0119cz przeciwnie. I to jest pi\u0119kne, \u017ce trudny cz\u0142owiek ( ja tez) mo\u017ce by\u0107 \u017ar\u00f3d\u0142em rado\u015bci, a nie smutku. No bo po co si\u0119 k\u0142\u00f3ci\u0107?<\/p>\n<p>Kolejny owoc Ducha \u015awi\u0119tego to <strong>rado\u015b\u0107<\/strong>. Co jest \u017ar\u00f3d\u0142em rado\u015bci? \u015aw. Pawe\u0142 pisa\u0142: &#8222;Radujcie si\u0119 w Panu&#8221; (Fil 3,1).\u00a0 Rado\u015b\u0107 prawdziwa &#8211; ta duchowa, to nie kwestia usposobienia, temperamentu, emocji czy okoliczno\u015bci zewn\u0119trznych ale stanu \u0142aski zjednoczenia z Jezusem. Otwarto\u015bci na Ducha \u015awi\u0119tego. \u017bycia wg Dekalogu. Przebaczania. Znoszenia ci\u0119\u017caru drugiego cz\u0142owieka.<\/p>\n<p>Dzisiaj m\u00f3wi si\u0119, \u017ce wiek XXI ma by\u0107 og\u0142oszony &#8222;wiekiem depresji&#8221;, a podobno ju\u017c co dziesi\u0105ty Polak cierpi na chroniczny smutek. W radosnych oczach wszystko jest radosne. Dlatego \u015bw. Augustyn radzi\u0142 nam, \u017ceby\u015bmy\u00a0 nauczyli si\u0119 ta\u0144czy\u0107, bo w niebie anio\u0142owie nie b\u0119d\u0105 wiedzie\u0107, co z nami zrobi\u0107&#8230; Dobrze, \u017ce Pan B\u00f3g stworzy\u0142 karnawa\u0142.<\/p>\n<p>Wszystkich goszcz\u0105cych pod moj\u0105 strzech\u0105 pozdrawiam s\u0142owami mistyka &#8211; \u015bw. Serafina: Witaj, Rado\u015bci Ty moja!<\/p>\n<p>ps podziel si\u0119 swoj\u0105 rado\u015bci\u0105:<\/p>\n","protected":false},"excerpt":{"rendered":"<p>\u015aw. Serafin z Sarowa to ostatni \u015bwi\u0119ty kanonizowany przed rosyjsk\u0105 rewolucj\u0105 1917 r. \u017by\u0142 w XVIII\/XIX w. Ulubiony patron wyznawc\u00f3w prawos\u0142awia i m\u00f3j ukochany. Pozna\u0142em go w Wilnie. Opowiada\u0142a mi o nim kiedy\u015b przewodniczka oprowadzaj\u0105ca nas po cerkwi. Jego obraz wisia\u0142 w nawie bocznej, nie by\u0142 dobrze widoczny. Zapami\u0119ta\u0142em to, \u017ce Serafin ka\u017cdego spotkanego cz\u0142owieka [&hellip;]<\/p>\n","protected":false},"author":1,"featured_media":0,"comment_status":"open","ping_status":"closed","sticky":false,"template":"","format":"standard","meta":{"ngg_post_thumbnail":0},"categories":[1],"tags":[],"_links":{"self":[{"href":"https:\/\/umacieja.net\/blog\/index.php?rest_route=\/wp\/v2\/posts\/71"}],"collection":[{"href":"https:\/\/umacieja.net\/blog\/index.php?rest_route=\/wp\/v2\/posts"}],"about":[{"href":"https:\/\/umacieja.net\/blog\/index.php?rest_route=\/wp\/v2\/types\/post"}],"author":[{"embeddable":true,"href":"https:\/\/umacieja.net\/blog\/index.php?rest_route=\/wp\/v2\/users\/1"}],"replies":[{"embeddable":true,"href":"https:\/\/umacieja.net\/blog\/index.php?rest_route=%2Fwp%2Fv2%2Fcomments&post=71"}],"version-history":[{"count":0,"href":"https:\/\/umacieja.net\/blog\/index.php?rest_route=\/wp\/v2\/posts\/71\/revisions"}],"wp:attachment":[{"href":"https:\/\/umacieja.net\/blog\/index.php?rest_route=%2Fwp%2Fv2%2Fmedia&parent=71"}],"wp:term":[{"taxonomy":"category","embeddable":true,"href":"https:\/\/umacieja.net\/blog\/index.php?rest_route=%2Fwp%2Fv2%2Fcategories&post=71"},{"taxonomy":"post_tag","embeddable":true,"href":"https:\/\/umacieja.net\/blog\/index.php?rest_route=%2Fwp%2Fv2%2Ftags&post=71"}],"curies":[{"name":"wp","href":"https:\/\/api.w.org\/{rel}","templated":true}]}}