{"id":70,"date":"2009-02-09T22:21:24","date_gmt":"2009-02-09T20:21:24","guid":{"rendered":"http:\/\/www.xmj.livenet.pl\/blog\/?p=70"},"modified":"2011-03-08T19:36:29","modified_gmt":"2011-03-08T17:36:29","slug":"milosc-czy-kryzys","status":"publish","type":"post","link":"https:\/\/umacieja.net\/blog\/?p=70","title":{"rendered":"Mi\u0142o\u015b\u0107 czy kryzys?"},"content":{"rendered":"<p style=\"text-align: center\"><img decoding=\"async\" loading=\"lazy\" src=\"http:\/\/umacieja.net\/galeria\/albums\/userpics\/grill_roma_07_185.jpg\" height=\"368\" width=\"491\" \/><\/p>\n<p>Na pytanie: co jest istot\u0105 chrze\u015bcija\u0144stwa, kto\u015b dzi\u015b na lekcji religii odpowiedzia\u0142 mi &#8211; <strong>mi\u0142o\u015b\u0107<\/strong>. To wiemy, \u017ce tak powinno by\u0107. To pierwszy <strong>owoc dzia\u0142ania Ducha \u015awi\u0119tego<\/strong> wg nauczania m\u0105drego \u015bw. Paw\u0142a z Tarsu: Ga 5,22. Ale czy tak jest w naszym codziennym \u017cyciu? Patrzymy na siebie (chrze\u015bcijanie) od 2000 lat i widzimy ci\u0105gle to samo: &#8222;jeden drugiego k\u0105sa i po\u017cera, to patrzmy, aby\u015bmy si\u0119 nie po\u017carli na wzajem&#8230;&#8221; (Ga 5,15). Gdy si\u0119 patrzy na \u015bwiat, rozmawia z lud\u017ami, czyta dyskusje na forach, to pozostaje wra\u017cenie, \u017ce nie ma mi\u0142o\u015bci. Jest kryzys&#8230;<br \/>\nKubu\u015b Puchatek m\u00f3wi\u0142 do Prosiaczka: mi\u0142o\u015b\u0107 jest wtedy, gdy kogo\u015b lubimy za bardzo&#8230; Mnie te\u017c kto\u015b pewnie lubi za bardzo i nienawidzi za bardzo&#8230; Takie to \u017cycie! Kto\u015b mi kiedy\u015b \u017cyczy\u0142, aby mnie prowadzi\u0142 w \u017cyciu Duch \u015awi\u0119ty. Je\u015bli prowadzi, to Jego owocem w moim \u017cyciu b\u0119dzie mi\u0142o\u015b\u0107. A mi\u0142o\u015b\u0107 dla mnie to krzy\u017ce. Moje powo\u0142anie&#8230;<\/p>\n<p>Opowiada\u0142 kiedy\u015b S\u0142uga Bo\u017cy Jan Pawe\u0142 II, jak w czasie rozmowy z ma\u0142ym ch\u0142opcem, a sam by\u0142 ju\u017c w podesz\u0142ym wieku, nie s\u0142ysza\u0142, co m\u00f3wi\u0142o dziecko. Zwr\u00f3ci\u0142 si\u0119 wi\u0119c do niego ze s\u0142owami: &#8222;m\u00f3w g\u0142o\u015bniej&#8221;. A ch\u0142opiec odpowiedzia\u0142 mu: jak nie s\u0142yszysz, to si\u0119 pochyl. I stary papie\u017c si\u0119 pochyli\u0142&#8230;<\/p>\n<p>Czy mi\u0142o\u015b\u0107 to pochylanie si\u0119? S\u0142uchanie? D\u017awiganie krzy\u017cy: samotno\u015bci, niezrozumienia, oskar\u017cenia, nieufno\u015bci, zdrady, wybaczenia pomimo wszystko&#8230;<\/p>\n","protected":false},"excerpt":{"rendered":"<p>Na pytanie: co jest istot\u0105 chrze\u015bcija\u0144stwa, kto\u015b dzi\u015b na lekcji religii odpowiedzia\u0142 mi &#8211; mi\u0142o\u015b\u0107. To wiemy, \u017ce tak powinno by\u0107. To pierwszy owoc dzia\u0142ania Ducha \u015awi\u0119tego wg nauczania m\u0105drego \u015bw. Paw\u0142a z Tarsu: Ga 5,22. Ale czy tak jest w naszym codziennym \u017cyciu? Patrzymy na siebie (chrze\u015bcijanie) od 2000 lat i widzimy ci\u0105gle to [&hellip;]<\/p>\n","protected":false},"author":1,"featured_media":0,"comment_status":"open","ping_status":"closed","sticky":false,"template":"","format":"standard","meta":{"ngg_post_thumbnail":0},"categories":[1],"tags":[],"_links":{"self":[{"href":"https:\/\/umacieja.net\/blog\/index.php?rest_route=\/wp\/v2\/posts\/70"}],"collection":[{"href":"https:\/\/umacieja.net\/blog\/index.php?rest_route=\/wp\/v2\/posts"}],"about":[{"href":"https:\/\/umacieja.net\/blog\/index.php?rest_route=\/wp\/v2\/types\/post"}],"author":[{"embeddable":true,"href":"https:\/\/umacieja.net\/blog\/index.php?rest_route=\/wp\/v2\/users\/1"}],"replies":[{"embeddable":true,"href":"https:\/\/umacieja.net\/blog\/index.php?rest_route=%2Fwp%2Fv2%2Fcomments&post=70"}],"version-history":[{"count":0,"href":"https:\/\/umacieja.net\/blog\/index.php?rest_route=\/wp\/v2\/posts\/70\/revisions"}],"wp:attachment":[{"href":"https:\/\/umacieja.net\/blog\/index.php?rest_route=%2Fwp%2Fv2%2Fmedia&parent=70"}],"wp:term":[{"taxonomy":"category","embeddable":true,"href":"https:\/\/umacieja.net\/blog\/index.php?rest_route=%2Fwp%2Fv2%2Fcategories&post=70"},{"taxonomy":"post_tag","embeddable":true,"href":"https:\/\/umacieja.net\/blog\/index.php?rest_route=%2Fwp%2Fv2%2Ftags&post=70"}],"curies":[{"name":"wp","href":"https:\/\/api.w.org\/{rel}","templated":true}]}}