{"id":541,"date":"2012-01-20T18:46:19","date_gmt":"2012-01-20T16:46:19","guid":{"rendered":"http:\/\/www.umacieja.net\/blog\/?p=541"},"modified":"2012-01-20T21:08:36","modified_gmt":"2012-01-20T19:08:36","slug":"lepszy-swiat","status":"publish","type":"post","link":"https:\/\/umacieja.net\/blog\/?p=541","title":{"rendered":"Lepszy \u015bwiat"},"content":{"rendered":"<p><img decoding=\"async\" loading=\"lazy\" class=\"aligncenter\" title=\"Lepszy \u015bwiat\" src=\"http:\/\/umacieja.net\/galeria\/albums\/userpics\/Turcja_584%7E1.jpg\" alt=\"\" width=\"492\" height=\"369\" \/>W tym roku mija 100 lat od tragedii zatopionego raju na Titanicu. Tydzie\u0144 temu ca\u0142y \u015bwiat zatrzyma\u0142 si\u0119 na chwil\u0119 nad podobn\u0105 tragedi\u0105 luksusowego wycieczkowca Costa Concordia z W\u0142och. Czy to kolejny znak czasu? Ludzie maj\u0105 prawo do lepszego \u015bwiata. Marz\u0105 o raju. Marzy\u0107 o lepszym \u015bwiecie &#8211; to ludzki przywilej, bo mamy dusze. A \u015bwiat przecie\u017c wo\u0142a o Zbawienie i o raj. Chocia\u017c tego mo\u017ce nie nazywa\u0107 po imieniu!<\/p>\n<p>Janusz Korczak m\u00f3wi\u0142: \u201eZostaw \u015bwiat lepszy ni\u017c go zasta\u0142e\u015b\u2026\u201d. To nasze zadanie, kt\u00f3re wyp\u0142ywa z t\u0119sknoty za rajem. Mamy przemienia\u0107 ten \u015bwiat, czyni\u0107 go lepszym, m\u0105drzejszym, szcz\u0119\u015bliwszym. Tam, gdzie Pan B\u00f3g nas zasadzi.<\/p>\n<p>Ale jak si\u0119 nie zdenerwowa\u0107, gdy widzimy jak niekt\u00f3rzy w Europie \u017cyj\u0105 ponad stan &#8211; cz\u0119sto\u00a0 za po\u017cyczone pieni\u0105dze &#8211; a my Polaki &#8211; biedaki mamy \u0142o\u017cy\u0107 na nich zad\u0142u\u017cenie z narodowych rezerw?! Tragedia wycieczkowca Costa Concordia z W\u0142och odkry\u0142a przed nami prawdziwe oblicze rzekomego kryzysu. Rejs takim statkiem cz\u0119sto kosztuje wi\u0119cej ni\u017c roczna emerytura wi\u0119kszo\u015bci polskich emeryt\u00f3w.\u00a0 S\u0142owem &#8222;kryzys&#8221; dzisiaj zamyka si\u0119 serca ludzi, t\u0142umaczy egoizm, brak mi\u0142osierdzia, bezrobocie, brak polityki prorodzinnej w pa\u0144stwie. Nie mog\u0119 zrozumie\u0107 tego, gdy w mojej ma\u0142ej, wiejskiej, biednej parafii zamierzano zamkn\u0105\u0107 szko\u0142\u0119 podstawow\u0105. (W Polsce w tym roku nie m\u00f3j rz\u0105d &#8211; w\u0142a\u015bciwe NIE-RZ\u0104D &#8211; przewiduje\u00a0 zamkn\u0105\u0107 ok 800 szk\u00f3\u0142!!!). Wiem, \u017ce jest ni\u017c demograficzny (sami sobie to zafundowali\u015bmy). Ale taka szko\u0142a dla dzieci na wsi to jest dobro podstawowe. Nale\u017cy si\u0119 ona dzieciom i rodzicom, kt\u00f3rzy\u00a0 \u0142o\u017c\u0105 coraz wi\u0119ksze podatki na bandyckie Pa\u0144stwo. Dzi\u0119kuj\u0119 W\u0142adzom Gminy w Radominie: Panu W\u00f3jtowi i Radnym, kt\u00f3rzy pomimo wielu trudno\u015bci, uratowali nasz\u0105 szko\u0142\u0119 w Dulsku i mam nadziej\u0119, \u017ce utrzymaj\u0105 t\u0119 plac\u00f3wk\u0119 w przysz\u0142o\u015bci dla dobra dzieci i w trosce o lepszy \u015bwiat &#8211; nasz ma\u0142y \u015bwiat!<\/p>\n<p>Zastanawiam si\u0119, jak d\u0142ugo ludzie ten NIE-RZ\u0104D pa\u0144stwowy wytrzymaj\u0105? Kiedy powiedz\u0105 NIE?<\/p>\n<p>Ko\u015bci\u00f3\u0142 w najbli\u017csz\u0105 niedziel\u0119 przypomni zawsze aktualne s\u0142owa \u015aw. Paw\u0142a:\u00a0 &#8222;Przemija posta\u0107 tego \u015bwiata&#8230; Czas jest kr\u00f3tki&#8221; (1 Kor 7). Uwierzmy w to, \u017ce to my jeste\u015bmy czasem i zostawmy \u015bwiat lepszym, ni\u017c go zastali\u015bmy.\u00a0 Bo jest INNY \u015aWIAT:<iframe width=\"500\" height=\"375\" src=\"https:\/\/www.youtube.com\/embed\/QaIDubP3P_M?feature=oembed\" frameborder=\"0\" allow=\"autoplay; encrypted-media\" allowfullscreen><\/iframe><\/p>\n","protected":false},"excerpt":{"rendered":"<p>W tym roku mija 100 lat od tragedii zatopionego raju na Titanicu. Tydzie\u0144 temu ca\u0142y \u015bwiat zatrzyma\u0142 si\u0119 na chwil\u0119 nad podobn\u0105 tragedi\u0105 luksusowego wycieczkowca Costa Concordia z W\u0142och. Czy to kolejny znak czasu? Ludzie maj\u0105 prawo do lepszego \u015bwiata. Marz\u0105 o raju. Marzy\u0107 o lepszym \u015bwiecie &#8211; to ludzki przywilej, bo mamy dusze. A [&hellip;]<\/p>\n","protected":false},"author":1,"featured_media":0,"comment_status":"open","ping_status":"closed","sticky":false,"template":"","format":"standard","meta":{"ngg_post_thumbnail":0},"categories":[1],"tags":[],"_links":{"self":[{"href":"https:\/\/umacieja.net\/blog\/index.php?rest_route=\/wp\/v2\/posts\/541"}],"collection":[{"href":"https:\/\/umacieja.net\/blog\/index.php?rest_route=\/wp\/v2\/posts"}],"about":[{"href":"https:\/\/umacieja.net\/blog\/index.php?rest_route=\/wp\/v2\/types\/post"}],"author":[{"embeddable":true,"href":"https:\/\/umacieja.net\/blog\/index.php?rest_route=\/wp\/v2\/users\/1"}],"replies":[{"embeddable":true,"href":"https:\/\/umacieja.net\/blog\/index.php?rest_route=%2Fwp%2Fv2%2Fcomments&post=541"}],"version-history":[{"count":0,"href":"https:\/\/umacieja.net\/blog\/index.php?rest_route=\/wp\/v2\/posts\/541\/revisions"}],"wp:attachment":[{"href":"https:\/\/umacieja.net\/blog\/index.php?rest_route=%2Fwp%2Fv2%2Fmedia&parent=541"}],"wp:term":[{"taxonomy":"category","embeddable":true,"href":"https:\/\/umacieja.net\/blog\/index.php?rest_route=%2Fwp%2Fv2%2Fcategories&post=541"},{"taxonomy":"post_tag","embeddable":true,"href":"https:\/\/umacieja.net\/blog\/index.php?rest_route=%2Fwp%2Fv2%2Ftags&post=541"}],"curies":[{"name":"wp","href":"https:\/\/api.w.org\/{rel}","templated":true}]}}