{"id":506,"date":"2011-12-19T23:28:15","date_gmt":"2011-12-19T21:28:15","guid":{"rendered":"http:\/\/www.umacieja.net\/blog\/?p=506"},"modified":"2015-12-18T18:04:00","modified_gmt":"2015-12-18T16:04:00","slug":"obecnosc","status":"publish","type":"post","link":"https:\/\/umacieja.net\/blog\/?p=506","title":{"rendered":"Obecno\u015b\u0107"},"content":{"rendered":"<p><img decoding=\"async\" loading=\"lazy\" class=\"aligncenter\" title=\"zimka\" src=\"http:\/\/www.parafiadulsk.pl\/galeria\/albums\/userpics\/10001\/Jase%C5%82ka%202010%20044.jpg\" alt=\"\" width=\"492\" height=\"369\" \/><\/p>\n<p>Skoro za oknem nie ma \u015bniegu, to niech b\u0119dzie na powy\u017cszym obrazku. Rok temu mieli\u015bmy go w nadmiarze. A mo\u017ce kto\u015b t\u0119skni za nim? To prosz\u0119 bardzo zajrze\u0107 <a title=\"zimka\" href=\"http:\/\/umacieja.net\/galeria\/thumbnails.php?album=61\">tu. <\/a>Rok temu zimka przesadzi\u0142a i nie t\u0119skni\u0119 wcale za ni\u0105!<\/p>\n<p>Czas adwentu powoli si\u0119 ko\u0144czy. Rekolekcje za nami ju\u017c w ca\u0142ym dekanacie. Mam wra\u017cenie, \u017ce w tym roku wi\u0119cej os\u00f3b wzi\u0119\u0142o udzia\u0142 w rekolekcjach i na pewno (bo liczyli\u015bmy) wi\u0119cej przyj\u0119\u0142o Komuni\u0119\u00a0 ni\u017c rok temu. Naliczyli\u015bmy przez te trzy dni 1490 przyj\u0119tych Komunii. A w niedziel\u0119 &#8211; na zako\u0144czenie rekolekcji &#8211; 590 os\u00f3b na 1320 mieszkaj\u0105cych w parafii. Ka\u017cda Komunia to przecie\u017c Bo\u017ce Narodzenie, to Betlejem na nowo odkryte. Adwent, to inaczej obecno\u015b\u0107. Dzi\u0119kuj\u0119 za te obecno\u015bci: za Komunie, spowiedzi, Eucharystie, Roraty, Zamy\u015blenia Stra\u017cackie, \u015bniadanka roratnie, op\u0142atki, za ka\u017cde dobro!<\/p>\n<p>Gdyby\u015bmy te niezliczone spowiedzi adwentowe, nawr\u00f3cenia, dobre czyny, kr\u00f3tkie pobo\u017cne westchnienia, porywy serca, okruchy mi\u0142o\u015bci pokazali, to kawa\u0142ek raju by\u015bmy zobaczyli. A to jest, dzieje si\u0119, tylko nie m\u00f3wi\u0105 o tym, nie pokazuj\u0105, nie pisz\u0105. Bo dobro nie krzyczy. Nie zarobi si\u0119 na nim.<\/p>\n<p>A ja nie zgadzam si\u0119 na to, by ratowa\u0107 sztuczne euro, sztuczn\u0105 UE, \u017cyj\u0105cych ponad stan Europejczyk\u00f3w, by im sp\u0142aca\u0107 d\u0142ugi. Polski rz\u0105d nie\u00a0 mo\u017ce podj\u0105\u0107 takich decyzji, by ratowa\u0107 bankrut\u00f3w. UE\u00a0 nie ma przysz\u0142o\u015bci. Za par\u0119 lat i tak rozpadnie si\u0119 to sztuczne zjednoczenie europejskie. Wystarczy policzy\u0107 ile dzieci si\u0119 rodzi w pa\u0144stwach UE. Kto b\u0119dzie pracowa\u0142 i utrzymywa\u0142 nas za kilka lat? Turcy, czy inni Arabowie? Oni s\u0105 obecni coraz bardziej. Europejczycy gin\u0105, bo ginie ich duch. <a href=\"http:\/\/www.youtube.com\/watch?v=a06cw87_qfs\" target=\"_blank\">Warto obejrze\u0107!<\/a><\/p>\n<p>Choinka, prezenty, karp, miko\u0142aj, zakupy &#8211; nie zast\u0105pi\u0105 Twojej obecno\u015bci; tej w domu Ojca &#8211; w \u015bwi\u0105tyni. Wystarczy by\u015b by\u0142, nic wi\u0119cej&#8230;<\/p>\n<p>Moje \u017cyczenia s\u0105 ukryte w tych piosenkach:<iframe width=\"500\" height=\"375\" src=\"https:\/\/www.youtube.com\/embed\/qJdskcHYgDQ?feature=oembed\" frameborder=\"0\" allow=\"autoplay; encrypted-media\" allowfullscreen><\/iframe><\/p>\n<iframe width=\"500\" height=\"281\" src=\"https:\/\/www.youtube.com\/embed\/LFhTMa8dav4?feature=oembed\" frameborder=\"0\" allow=\"autoplay; encrypted-media\" allowfullscreen><\/iframe>\n","protected":false},"excerpt":{"rendered":"<p>Skoro za oknem nie ma \u015bniegu, to niech b\u0119dzie na powy\u017cszym obrazku. Rok temu mieli\u015bmy go w nadmiarze. A mo\u017ce kto\u015b t\u0119skni za nim? To prosz\u0119 bardzo zajrze\u0107 tu. Rok temu zimka przesadzi\u0142a i nie t\u0119skni\u0119 wcale za ni\u0105! Czas adwentu powoli si\u0119 ko\u0144czy. Rekolekcje za nami ju\u017c w ca\u0142ym dekanacie. Mam wra\u017cenie, \u017ce w [&hellip;]<\/p>\n","protected":false},"author":1,"featured_media":0,"comment_status":"open","ping_status":"closed","sticky":false,"template":"","format":"standard","meta":{"ngg_post_thumbnail":0},"categories":[1],"tags":[],"_links":{"self":[{"href":"https:\/\/umacieja.net\/blog\/index.php?rest_route=\/wp\/v2\/posts\/506"}],"collection":[{"href":"https:\/\/umacieja.net\/blog\/index.php?rest_route=\/wp\/v2\/posts"}],"about":[{"href":"https:\/\/umacieja.net\/blog\/index.php?rest_route=\/wp\/v2\/types\/post"}],"author":[{"embeddable":true,"href":"https:\/\/umacieja.net\/blog\/index.php?rest_route=\/wp\/v2\/users\/1"}],"replies":[{"embeddable":true,"href":"https:\/\/umacieja.net\/blog\/index.php?rest_route=%2Fwp%2Fv2%2Fcomments&post=506"}],"version-history":[{"count":0,"href":"https:\/\/umacieja.net\/blog\/index.php?rest_route=\/wp\/v2\/posts\/506\/revisions"}],"wp:attachment":[{"href":"https:\/\/umacieja.net\/blog\/index.php?rest_route=%2Fwp%2Fv2%2Fmedia&parent=506"}],"wp:term":[{"taxonomy":"category","embeddable":true,"href":"https:\/\/umacieja.net\/blog\/index.php?rest_route=%2Fwp%2Fv2%2Fcategories&post=506"},{"taxonomy":"post_tag","embeddable":true,"href":"https:\/\/umacieja.net\/blog\/index.php?rest_route=%2Fwp%2Fv2%2Ftags&post=506"}],"curies":[{"name":"wp","href":"https:\/\/api.w.org\/{rel}","templated":true}]}}