{"id":493,"date":"2011-12-13T23:01:16","date_gmt":"2011-12-13T21:01:16","guid":{"rendered":"http:\/\/www.umacieja.net\/blog\/?p=493"},"modified":"2011-12-14T09:22:16","modified_gmt":"2011-12-14T07:22:16","slug":"wiosna-zima","status":"publish","type":"post","link":"https:\/\/umacieja.net\/blog\/?p=493","title":{"rendered":"Wiosna zim\u0105?"},"content":{"rendered":"<p><img decoding=\"async\" loading=\"lazy\" class=\"aligncenter\" title=\"wiosna\" src=\"http:\/\/www.parafiadulsk.pl\/galeria\/albums\/userpics\/10001\/Grudniowe%20kwiatki%20004.jpg\" alt=\"\" width=\"492\" height=\"369\" \/><\/p>\n<p>Taki obrazek kwitn\u0105cych chryzantem mog\u0142em podziwia\u0107 z mojego okna w \u015brodku grudnia tego roku. Bogu dzi\u0119ki, \u017ce zima w tym roku \u0142askawa. Ogrzejemy domy za mniej. W kryzysie ci\u0105g\u0142ych podwy\u017cek to \u0142aska Bo\u017ca. Bo trzeba ogrza\u0107 i Dom Bo\u017cy i swoje domy. Rok temu by\u0142o gorzej: zimno, wietrznie, \u015bnie\u017cnie.<\/p>\n<p>Czas adwentu, to pi\u0119kny czas poszukiwania t\u0119sknoty za Bogiem, kt\u00f3ry przychodzi, aby nas zbawi\u0107. Ciesz\u0119 si\u0119 z tych wielu spowiedzi\u00a0 gorliwych chrze\u015bcijan w parafiach naszego dekanatu. To wielka nadzieja na wiosn\u0119 w t\u0119 zim\u0119 oboj\u0119tno\u015bci i atakowania Ko\u015bcio\u0142a &#8211; kt\u00f3ry jest naszym domem. Tytu\u0142y, godno\u015bci, awanse, podwy\u017cki i pieni\u0105dze &#8211; na nic si\u0119 przydadz\u0105, gdy zabraknie odruchu\u00a0 cz\u0142owiecze\u0144stwa np. cierpliwej pos\u0142ugi jednania w konfesjonale, wys\u0142uchania cz\u0142owieka, rozmowy, modlitwy.\u00a0 Ks. J. T. pisa\u0142 w wierszu <em>\u201eStopniowanie\u201d. \u201eMa\u0142o, niewiele, kawa\u0142 \u2013 kanonik, pra\u0142at, zawa\u0142\u201d. <\/em>Oby\u015b by\u0142 cz\u0142owiekiem&#8230; pomimo urz\u0119du, stanowiska, zaszczyt\u00f3w! Wtedy b\u0119dzie wiosna.<em><br \/>\n<\/em><\/p>\n<p>Dziekuj\u0119 za ka\u017cde otrzymane dobro w dobie tzw. kryzysu. Dzisiaj rocznica Stanu Wojennego &#8211; ju\u017c 30 &#8211; ta. Prosz\u0119 o modlitw\u0119 za tych, co nie zrozumieli tragedii owych ponurych dni. Mo\u017ce kto\u015b pami\u0119ta te smutne dni? Co wtedy robili\u015bcie? Czy mieli\u015bcie nadziej\u0119?<\/p>\n<p>\u017bycz\u0119 wiosny zim\u0105, czyli t\u0119sknoty za Przychodz\u0105cym Emmanuelem! <!--more--><\/p>\n","protected":false},"excerpt":{"rendered":"<p>Taki obrazek kwitn\u0105cych chryzantem mog\u0142em podziwia\u0107 z mojego okna w \u015brodku grudnia tego roku. Bogu dzi\u0119ki, \u017ce zima w tym roku \u0142askawa. Ogrzejemy domy za mniej. W kryzysie ci\u0105g\u0142ych podwy\u017cek to \u0142aska Bo\u017ca. Bo trzeba ogrza\u0107 i Dom Bo\u017cy i swoje domy. Rok temu by\u0142o gorzej: zimno, wietrznie, \u015bnie\u017cnie. Czas adwentu, to pi\u0119kny czas poszukiwania [&hellip;]<\/p>\n","protected":false},"author":1,"featured_media":0,"comment_status":"open","ping_status":"closed","sticky":false,"template":"","format":"standard","meta":{"ngg_post_thumbnail":0},"categories":[1],"tags":[],"_links":{"self":[{"href":"https:\/\/umacieja.net\/blog\/index.php?rest_route=\/wp\/v2\/posts\/493"}],"collection":[{"href":"https:\/\/umacieja.net\/blog\/index.php?rest_route=\/wp\/v2\/posts"}],"about":[{"href":"https:\/\/umacieja.net\/blog\/index.php?rest_route=\/wp\/v2\/types\/post"}],"author":[{"embeddable":true,"href":"https:\/\/umacieja.net\/blog\/index.php?rest_route=\/wp\/v2\/users\/1"}],"replies":[{"embeddable":true,"href":"https:\/\/umacieja.net\/blog\/index.php?rest_route=%2Fwp%2Fv2%2Fcomments&post=493"}],"version-history":[{"count":0,"href":"https:\/\/umacieja.net\/blog\/index.php?rest_route=\/wp\/v2\/posts\/493\/revisions"}],"wp:attachment":[{"href":"https:\/\/umacieja.net\/blog\/index.php?rest_route=%2Fwp%2Fv2%2Fmedia&parent=493"}],"wp:term":[{"taxonomy":"category","embeddable":true,"href":"https:\/\/umacieja.net\/blog\/index.php?rest_route=%2Fwp%2Fv2%2Fcategories&post=493"},{"taxonomy":"post_tag","embeddable":true,"href":"https:\/\/umacieja.net\/blog\/index.php?rest_route=%2Fwp%2Fv2%2Ftags&post=493"}],"curies":[{"name":"wp","href":"https:\/\/api.w.org\/{rel}","templated":true}]}}