{"id":4714,"date":"2022-06-20T17:02:10","date_gmt":"2022-06-20T15:02:10","guid":{"rendered":"http:\/\/umacieja.net\/blog\/?p=4714"},"modified":"2022-06-20T17:02:10","modified_gmt":"2022-06-20T15:02:10","slug":"30-lat-minelo","status":"publish","type":"post","link":"https:\/\/umacieja.net\/blog\/?p=4714","title":{"rendered":"30 lat min\u0119\u0142o&#8230;"},"content":{"rendered":"<p><a href=\"http:\/\/umacieja.net\/blog\/wp-content\/uploads\/2022\/06\/foto-30.jpg\"><img decoding=\"async\" loading=\"lazy\" class=\"aligncenter size-full wp-image-4715\" src=\"http:\/\/umacieja.net\/blog\/wp-content\/uploads\/2022\/06\/foto-30.jpg\" alt=\"\" width=\"800\" height=\"566\" srcset=\"https:\/\/umacieja.net\/blog\/wp-content\/uploads\/2022\/06\/foto-30.jpg 800w, https:\/\/umacieja.net\/blog\/wp-content\/uploads\/2022\/06\/foto-30-300x212.jpg 300w, https:\/\/umacieja.net\/blog\/wp-content\/uploads\/2022\/06\/foto-30-768x543.jpg 768w\" sizes=\"(max-width: 800px) 100vw, 800px\" \/><\/a><br \/>\nW tym majowo \u2013 czerwcowym czasie, gdy ko\u0144czy si\u0119 okres Wielkanocny i przypominamy sobie najwa\u017cniejsze tajemnice naszej wiary: Wniebowst\u0105pienie, Zes\u0142anie Ducha \u015awi\u0119tego, Tr\u00f3jc\u0119 Przenaj\u015bwi\u0119tsz\u0105, Bo\u017ce Cia\u0142o, to wtedy wielu ksi\u0119\u017cy wspomina jubileusze \u015bwi\u0119ce\u0144 kap\u0142a\u0144skich. W tym roku nadszed\u0142 czas na 30 -lecie moich \u015bwi\u0119ce\u0144 kap\u0142a\u0144skich.<br \/>\nS\u0142owa \u015bw. Jana Paw\u0142a II z ksi\u0105\u017cki Dar i Tajemnica powinny sta\u0107 si\u0119 dobrym komentarzem do ka\u017cdego jubileuszu kap\u0142a\u0144skiego. Dzi\u0119kuj\u0105c Bogu za ten niezwyk\u0142y i niezas\u0142u\u017cony dar kap\u0142a\u0144stwa, pragn\u0119 uczyni\u0107 je swoimi: \u201eKa\u017cde powo\u0142anie kap\u0142a\u0144skie w swojej najg\u0142\u0119bszej warstwie jest wielk\u0105 tajemnic\u0105, jest darem, kt\u00f3ry niesko\u0144czenie przerasta cz\u0142owieka. Ka\u017cdy z nas kap\u0142an\u00f3w do\u015bwiadcza tego bardzo wyra\u017anie w ca\u0142ym swoim \u017cyciu. Wobec wielko\u015bci tego daru czujemy, jak bardzo do niego nie dorastamy\u201d.<br \/>\nDlatego potrzebne jest wsparcie naszych ludzkich i kap\u0142a\u0144skich r\u0105k, bo cz\u0119sto w r\u00f3\u017cnych sytuacjach zwyczajnie opadaj\u0105 nam r\u0119ce\u2026 I tu potrzebne jest podtrzymanie ich \u2013 jak u Moj\u017cesza podczas bitwy pod Refidim. Gdy r\u0119ce by\u0142y w g\u00f3rze, Izrael zwyci\u0119\u017ca\u0142.<br \/>\n13 czerwca we wspomnienie \u015bw. Antoniego w parafii Strzygi prze\u017cyli\u015bmy jubileusz 30 -lecia \u015bwi\u0119ce\u0144 kap\u0142a\u0144skich. Zaprosi\u0142em koleg\u00f3w rocznikowych (wy\u015bwi\u0119conych w 1992r.) wraz z wychowawc\u0105 ks. prof. Henrykiem Seweryniakiem, kt\u00f3ry wyg\u0142osi\u0142 S\u0142owo Bo\u017ce. Jest do ods\u0142uchania tu: <a href=\"https:\/\/www.youtube.com\/watch?v=8D4YlynTuD0\">homilia ks. prof. Henryka Seweryniaka w Strzygach<\/a><br \/>\nPani Sylwia Ma\u0107kiewicz \u2013 prezes POAK, katechetka, doradca \u017cycia rodzinnego stworzy\u0142a m\u0105dr\u0105 modlitw\u0119 wiernych w oparciu o m\u00f3j ulubiony PS 16. Pami\u0119tam dobrze medytacj\u0119 nad tym psalmem ks. prof. Henryka Seweryniaka przed ob\u0142\u00f3czynami dla naszego rocznika. Mo\u017cna j\u0105 przeczyta\u0107 i pomodli\u0107 si\u0119 ni\u0105 za kap\u0142an\u00f3w:<\/p>\n<p>MODLITWA POWSZECHNA 13.06.2022 r. Strzygi, g.11.00<br \/>\n<em>1. Zachowaj mnie Bo\u017ce, bo uciekam si\u0119 do Ciebie, m\u00f3wi\u0119 do Pana: \u201eTy\u015b jest Panem moim\u201d.<\/em><br \/>\nM\u00f3dlmy si\u0119 za Ko\u015bci\u00f3\u0142 \u015awi\u0119ty, by niestrudzenie g\u0142osi\u0142 \u015bwiatu Dobr\u0105 Nowin\u0119 o Chrystusie. Ciebie prosimy<br \/>\n<em>2. Pan moim dziedzictwem i przeznaczeniem, to On m\u00f3j los zabezpiecza.<\/em><br \/>\nM\u00f3dlmy si\u0119 za kap\u0142an\u00f3w, kt\u00f3rzy dzi\u015b obchodz\u0105 jubileusz \u015bwi\u0119ce\u0144, a tak\u017ce za ks. Henryka, aby obdarzeni potrzebnymi \u0142askami byli wierni Bogu i Ko\u015bcio\u0142owi.<br \/>\n<em>3. B\u0142ogos\u0142awi\u0119 Pana, kt\u00f3ry da\u0142 mi rozs\u0105dek, bo serce napomina mnie nawet noc\u0105.<\/em><br \/>\nM\u00f3dlmy si\u0119 o pok\u00f3j na \u015bwiecie, by nikt nie do\u015bwiadcza\u0142 ju\u017c niszczycielskiego okrucie\u0144stwa wojny.<br \/>\n<em>4. Zawsze stawiam sobie Pana przed oczy, On jest po mojej prawicy, nic mn\u0105 nie zachwieje.<\/em><br \/>\nM\u00f3dlmy si\u0119 za m\u0142odzie\u017c, by dobrze rozpoznawa\u0142a drogi swego \u017cycia, oraz o liczne powo\u0142ania do s\u0142u\u017cby kap\u0142a\u0144skiej.<br \/>\n<em>5. Dlatego cieszy si\u0119 moje serce i dusza raduje, a cia\u0142o moje b\u0119dzie spoczywa\u0107 bezpiecznie bo w kraju zmar\u0142ych duszy mej nie zostawisz i nie dopu\u015bcisz, bym pozosta\u0142 w grobie.<\/em><br \/>\nM\u00f3dlmy si\u0119 za zmar\u0142ych kap\u0142an\u00f3w, by mogli radowa\u0107 si\u0119 obecno\u015bci\u0105 Boga.<br \/>\n<em>6. Ty \u015bcie\u017ck\u0119 \u017cycia mi uka\u017cesz, pe\u0142ni\u0119 Twojej rado\u015bci i wieczn\u0105 rozkosz po Twojej prawicy.<\/em><br \/>\nM\u00f3dlmy si\u0119 za nas tu zgromadzonych, by\u015bmy doceniali kap\u0142an\u00f3w, modlili si\u0119 za nich i dawali wsparcie.<\/p>\n","protected":false},"excerpt":{"rendered":"<p>W tym majowo \u2013 czerwcowym czasie, gdy ko\u0144czy si\u0119 okres Wielkanocny i przypominamy sobie najwa\u017cniejsze tajemnice naszej wiary: Wniebowst\u0105pienie, Zes\u0142anie Ducha \u015awi\u0119tego, Tr\u00f3jc\u0119 Przenaj\u015bwi\u0119tsz\u0105, Bo\u017ce Cia\u0142o, to wtedy wielu ksi\u0119\u017cy wspomina jubileusze \u015bwi\u0119ce\u0144 kap\u0142a\u0144skich. W tym roku nadszed\u0142 czas na 30 -lecie moich \u015bwi\u0119ce\u0144 kap\u0142a\u0144skich. S\u0142owa \u015bw. Jana Paw\u0142a II z ksi\u0105\u017cki Dar i Tajemnica [&hellip;]<\/p>\n","protected":false},"author":1,"featured_media":0,"comment_status":"open","ping_status":"closed","sticky":false,"template":"","format":"standard","meta":{"ngg_post_thumbnail":0},"categories":[1],"tags":[],"_links":{"self":[{"href":"https:\/\/umacieja.net\/blog\/index.php?rest_route=\/wp\/v2\/posts\/4714"}],"collection":[{"href":"https:\/\/umacieja.net\/blog\/index.php?rest_route=\/wp\/v2\/posts"}],"about":[{"href":"https:\/\/umacieja.net\/blog\/index.php?rest_route=\/wp\/v2\/types\/post"}],"author":[{"embeddable":true,"href":"https:\/\/umacieja.net\/blog\/index.php?rest_route=\/wp\/v2\/users\/1"}],"replies":[{"embeddable":true,"href":"https:\/\/umacieja.net\/blog\/index.php?rest_route=%2Fwp%2Fv2%2Fcomments&post=4714"}],"version-history":[{"count":0,"href":"https:\/\/umacieja.net\/blog\/index.php?rest_route=\/wp\/v2\/posts\/4714\/revisions"}],"wp:attachment":[{"href":"https:\/\/umacieja.net\/blog\/index.php?rest_route=%2Fwp%2Fv2%2Fmedia&parent=4714"}],"wp:term":[{"taxonomy":"category","embeddable":true,"href":"https:\/\/umacieja.net\/blog\/index.php?rest_route=%2Fwp%2Fv2%2Fcategories&post=4714"},{"taxonomy":"post_tag","embeddable":true,"href":"https:\/\/umacieja.net\/blog\/index.php?rest_route=%2Fwp%2Fv2%2Ftags&post=4714"}],"curies":[{"name":"wp","href":"https:\/\/api.w.org\/{rel}","templated":true}]}}