{"id":4694,"date":"2022-05-21T15:02:14","date_gmt":"2022-05-21T13:02:14","guid":{"rendered":"http:\/\/umacieja.net\/blog\/?p=4694"},"modified":"2022-05-21T20:08:43","modified_gmt":"2022-05-21T18:08:43","slug":"twoj-wszechswiat-i-niezapominajka","status":"publish","type":"post","link":"https:\/\/umacieja.net\/blog\/?p=4694","title":{"rendered":"Tw\u00f3j wszech\u015bwiat i niezapominajka"},"content":{"rendered":"<p><a href=\"http:\/\/umacieja.net\/blog\/wp-content\/uploads\/2022\/05\/Komunia_I_08_077.jpg\"><img decoding=\"async\" loading=\"lazy\" class=\"wp-image-4699 aligncenter\" src=\"http:\/\/umacieja.net\/blog\/wp-content\/uploads\/2022\/05\/Komunia_I_08_077.jpg\" alt=\"\" width=\"444\" height=\"333\" srcset=\"https:\/\/umacieja.net\/blog\/wp-content\/uploads\/2022\/05\/Komunia_I_08_077.jpg 600w, https:\/\/umacieja.net\/blog\/wp-content\/uploads\/2022\/05\/Komunia_I_08_077-300x225.jpg 300w\" sizes=\"(max-width: 444px) 100vw, 444px\" \/><\/a><br \/>\nNa lekcji religii w klasie VI w dniu 5 maja dzieci postawi\u0142y mi pytanie, czy pami\u0119tam, \u017ce oni maj\u0105 dzisiaj rocznic\u0119. A jak\u0105? Zapyta\u0142em. To ksi\u0105dz nie wie, \u017ce dzisiaj przypada 3 rocznica naszej Pierwszej Komunii&#8230; To mi\u0142o, \u017ce dzieci pami\u0119taj\u0105 o tym wielkim \u015awi\u0119cie. Cz\u0119sto doro\u015bli zapominaj\u0105 t\u0119 dat\u0119. A sezon komunijny trwa. Coraz cz\u0119\u015bciej Pierwsza Komunia jest na bogato, czyli limuzyna lub karoca musi by\u0107! Obserwujemy przerost formy nad tre\u015bci\u0105. A przecie\u017c chodzi o najbardziej intymne&nbsp; SPOTKANIE dziecka ze Stw\u00f3rc\u0105 i Zbawicielem, kt\u00f3ry chce i pozwala si\u0119 zje\u015b\u0107: &#8222;bierzcie i jedzcie&#8221;, aby dotrze\u0107 w krwioobiegu w najdalsze cz\u0119\u015bci cia\u0142a.&nbsp;<\/p>\n<p>W maju kwitn\u0105 niezapominajki. S\u0105 takie niepozorne i drobne. A zachwycaj\u0105! Prosz\u0119 dzieci komunijne, aby je znalaz\u0142y na polach czy w rowach. Nast\u0119pnie m\u00f3wi\u0119, aby je zasuszy\u0142y i w\u0142o\u017cy\u0142y do Biblii lub ksi\u0105\u017ceczki do nabo\u017ce\u0144stwa. To one maj\u0105 przypomnie\u0107 o tej wa\u017cnej uroczysto\u015bci, bo to przecie\u017c niezapominajki&#8230;<\/p>\n<p>Kilka dni temu z klasami IV &#8211; VIII SP Strzygi byli\u015bmy na wycieczce w Toruniu i w kinie na filmie troch\u0119 nie z tego \u015bwiata, a w kt\u00f3rym co chwila miesza\u0142y si\u0119 i przenika\u0142y nawzajem \u015bwiaty i wszech\u015bwiaty, \u015bwiat rzeczywisty ze \u015bwiatem wirtualnym. Z\u0142o walczy\u0142o zawzi\u0119cie i d\u0142ugo z dobrem. Ale na szcz\u0119\u015bcie dobro wygra\u0142o! Z ca\u0142ego filmu spodoba\u0142o mi si\u0119 jedno zdanie &#8211; pytanie, kt\u00f3re wypowiedzia\u0142 g\u0142\u00f3wny bohater tego dziwnego i odwr\u00f3conego \u015bwiata pokazanego w filmie: &#8222;a jak wygl\u0105da tw\u00f3j wszech\u015bwiat?&#8221;. Zada\u0142em wi\u0119c uczestnikom wycieczki takie zadanie na 6. Aby&nbsp; przygotowali prezentacj\u0119 na temat ich wszech\u015bwiata, w kt\u00f3rym \u017cyj\u0105: w rodzinie, szkole, parafii, miejscowo\u015bci. Jakie s\u0105 jego kolory, smaki, zapachy. Kto w nim mieszka? Czy lubisz ten wszech\u015bwiat? Po prostu: jaki jest ten tw\u00f3j wszech\u015bwiat?&nbsp;<\/p>\n","protected":false},"excerpt":{"rendered":"<p>Na lekcji religii w klasie VI w dniu 5 maja dzieci postawi\u0142y mi pytanie, czy pami\u0119tam, \u017ce oni maj\u0105 dzisiaj rocznic\u0119. A jak\u0105? Zapyta\u0142em. To ksi\u0105dz nie wie, \u017ce dzisiaj przypada 3 rocznica naszej Pierwszej Komunii&#8230; To mi\u0142o, \u017ce dzieci pami\u0119taj\u0105 o tym wielkim \u015awi\u0119cie. Cz\u0119sto doro\u015bli zapominaj\u0105 t\u0119 dat\u0119. A sezon komunijny trwa. Coraz [&hellip;]<\/p>\n","protected":false},"author":1,"featured_media":0,"comment_status":"open","ping_status":"closed","sticky":false,"template":"","format":"standard","meta":{"ngg_post_thumbnail":0},"categories":[1],"tags":[],"_links":{"self":[{"href":"https:\/\/umacieja.net\/blog\/index.php?rest_route=\/wp\/v2\/posts\/4694"}],"collection":[{"href":"https:\/\/umacieja.net\/blog\/index.php?rest_route=\/wp\/v2\/posts"}],"about":[{"href":"https:\/\/umacieja.net\/blog\/index.php?rest_route=\/wp\/v2\/types\/post"}],"author":[{"embeddable":true,"href":"https:\/\/umacieja.net\/blog\/index.php?rest_route=\/wp\/v2\/users\/1"}],"replies":[{"embeddable":true,"href":"https:\/\/umacieja.net\/blog\/index.php?rest_route=%2Fwp%2Fv2%2Fcomments&post=4694"}],"version-history":[{"count":0,"href":"https:\/\/umacieja.net\/blog\/index.php?rest_route=\/wp\/v2\/posts\/4694\/revisions"}],"wp:attachment":[{"href":"https:\/\/umacieja.net\/blog\/index.php?rest_route=%2Fwp%2Fv2%2Fmedia&parent=4694"}],"wp:term":[{"taxonomy":"category","embeddable":true,"href":"https:\/\/umacieja.net\/blog\/index.php?rest_route=%2Fwp%2Fv2%2Fcategories&post=4694"},{"taxonomy":"post_tag","embeddable":true,"href":"https:\/\/umacieja.net\/blog\/index.php?rest_route=%2Fwp%2Fv2%2Ftags&post=4694"}],"curies":[{"name":"wp","href":"https:\/\/api.w.org\/{rel}","templated":true}]}}