{"id":4678,"date":"2022-04-13T13:13:39","date_gmt":"2022-04-13T11:13:39","guid":{"rendered":"http:\/\/umacieja.net\/blog\/?p=4678"},"modified":"2022-04-13T13:22:50","modified_gmt":"2022-04-13T11:22:50","slug":"jestem-z-kosciola","status":"publish","type":"post","link":"https:\/\/umacieja.net\/blog\/?p=4678","title":{"rendered":"Dzieci wiedz\u0105 lepiej: jestem z Ko\u015bcio\u0142a"},"content":{"rendered":"<p>&nbsp;<\/p>\n<p><a href=\"http:\/\/umacieja.net\/blog\/wp-content\/uploads\/2022\/04\/kosciol-st-3.jpg\"><img decoding=\"async\" loading=\"lazy\" class=\" wp-image-4681\" src=\"http:\/\/umacieja.net\/blog\/wp-content\/uploads\/2022\/04\/kosciol-st-3.jpg\" alt=\"\" width=\"685\" height=\"385\" srcset=\"https:\/\/umacieja.net\/blog\/wp-content\/uploads\/2022\/04\/kosciol-st-3.jpg 800w, https:\/\/umacieja.net\/blog\/wp-content\/uploads\/2022\/04\/kosciol-st-3-300x169.jpg 300w, https:\/\/umacieja.net\/blog\/wp-content\/uploads\/2022\/04\/kosciol-st-3-768x432.jpg 768w\" sizes=\"(max-width: 685px) 100vw, 685px\" \/><\/a><\/p>\n<p><a href=\"http:\/\/umacieja.net\/blog\/wp-content\/uploads\/2022\/04\/kosciol-st-2.jpg\"><img decoding=\"async\" loading=\"lazy\" class=\"wp-image-4680 alignnone\" src=\"http:\/\/umacieja.net\/blog\/wp-content\/uploads\/2022\/04\/kosciol-st-2.jpg\" alt=\"\" width=\"617\" height=\"411\" srcset=\"https:\/\/umacieja.net\/blog\/wp-content\/uploads\/2022\/04\/kosciol-st-2.jpg 700w, https:\/\/umacieja.net\/blog\/wp-content\/uploads\/2022\/04\/kosciol-st-2-300x200.jpg 300w\" sizes=\"(max-width: 617px) 100vw, 617px\" \/><\/a><\/p>\n<p>Kiedy\u015b w radiowej Tr\u00f3jce by\u0142a popularna, kilkuminutowa audycja \u201eDzieci wiedz\u0105 lepiej\u201d, w kt\u00f3rej dziennikarka Katarzyna Stoparczyk rozmawia z przedszkolakami na powa\u017cne tematy. Kasia Stoparczyk pyta, a dzieci odpowiadaj\u0105 na r\u00f3\u017cne tematy.<br \/>\nPodobn\u0105 aktywno\u015b\u0107 dzieci zauwa\u017cy\u0142em tak\u017ce w ko\u015bciele. W ostatni\u0105 <a href=\"https:\/\/www.facebook.com\/100011804735885\/videos\/724764508527957\">niedziel\u0119 (Palmow\u0105)<\/a> na Mszach by\u0142o du\u017co ludzi, rodzin z dzie\u0107mi. Czteroletni Tobiasz podczas Mszy biega\u0142 w ko\u015bciele i zwiedza\u0142. Gdy przyszed\u0142 czas na Komuni\u0119, jak zawsze wierni ustawili si\u0119 w dwa rz\u0119dy, aby przyj\u0105\u0107 Komuni\u0119. Tobiasz te\u017c podszed\u0142 i usiad\u0142 na posadzce przed o\u0142tarzem, mi\u0119dzy podchodz\u0105cymi po Komuni\u0119 i wpatrywa\u0142 si\u0119 uwa\u017cnie. Medytowa\u0142 cud Eucharystii. Tak spontanicznie, bez udawania, nie na pokaz.<br \/>\nUcz\u0119 w szkole podstawowej i tam na przerwach mam te\u017c dy\u017cury. To by\u0142o na pocz\u0105tku Wielkiego Postu. Dy\u017curuje na parterze, tam gdzie jest oddzia\u0142 przedszkolny. Na przerwie, w pewnym momencie wracaj\u0105 z \u0142azienki przedszkolaki. Id\u0105 parami i zatrzymuj\u0105 si\u0119 przed wej\u015bciem do klasy. Trzyletni Wojtek patrzy na mnie powa\u017cnie i m\u00f3wi do mnie z moc\u0105: \u201eZnam ci\u0119! Ty jeste\u015b z ko\u015bcio\u0142a!\u201d. Da\u0142 tym samym pi\u0119kne \u015bwiadectwo rodzicom, kt\u00f3rzy w ka\u017cd\u0105 niedziel\u0119 w komplecie z dzie\u0107mi s\u0105 na Mszy \u015bwi\u0119tej. I dla mnie to by\u0142o mi\u0142e, \u017ce kto\u015b mnie rozpoznaje w\u0142a\u015bnie z tego \u015bwi\u0119tego i wa\u017cnego miejsca, jakim jest ko\u015bci\u00f3\u0142. Kojarzy mnie z nasz\u0105 pi\u0119kn\u0105 \u015bwi\u0105tyni\u0105. To takie wa\u017cne jest, aby od \u201ema\u0142ego\u201d prowadzi\u0107 dzieci do \u015bwi\u0105tyni, nawet gdy biegaj\u0105 i troch\u0119 ha\u0142asuj\u0105.<br \/>\nKo\u015bci\u00f3\u0142 w Strzygach po\u0142o\u017cony jest na niewielkim wzniesieniu. S\u0105 trzy bramy prowadz\u0105ce do niego. Ka\u017cd\u0105 z nich wchodzimy pod g\u00f3r\u0119. Ta \u015bwi\u0105tynia to druga G\u00f3ra Tabor \u2013 g\u00f3ra z widokiem na niebo. Potrzebny jest nam ten widok, bo nasze oczy zm\u0119czone od patrzenia na wojn\u0119, \u015bmier\u0107 niewinnych ludzi, p\u0142acz, tu\u0142aczk\u0119, ucieczk\u0119. Dobrze, \u017ce mamy t\u0119 \u015bwi\u0105tyni\u0119 \u2013 G\u00f3r\u0119 Tabor, bo \u0142atwo gubimy cel, perspektyw\u0119, punkt odniesienia. A przecie\u017c g\u00f3ra oznacza wyj\u015bcie z doliny\u2026<br \/>\nDobrze nam tu by\u0107! Dobrze, \u017ce jestem z KO\u015aCIO\u0141A. Dzieci wiedz\u0105 najlepiej!<\/p>\n","protected":false},"excerpt":{"rendered":"<p>&nbsp; Kiedy\u015b w radiowej Tr\u00f3jce by\u0142a popularna, kilkuminutowa audycja \u201eDzieci wiedz\u0105 lepiej\u201d, w kt\u00f3rej dziennikarka Katarzyna Stoparczyk rozmawia z przedszkolakami na powa\u017cne tematy. Kasia Stoparczyk pyta, a dzieci odpowiadaj\u0105 na r\u00f3\u017cne tematy. Podobn\u0105 aktywno\u015b\u0107 dzieci zauwa\u017cy\u0142em tak\u017ce w ko\u015bciele. W ostatni\u0105 niedziel\u0119 (Palmow\u0105) na Mszach by\u0142o du\u017co ludzi, rodzin z dzie\u0107mi. Czteroletni Tobiasz podczas Mszy [&hellip;]<\/p>\n","protected":false},"author":1,"featured_media":0,"comment_status":"open","ping_status":"closed","sticky":false,"template":"","format":"standard","meta":{"ngg_post_thumbnail":0},"categories":[1],"tags":[],"_links":{"self":[{"href":"https:\/\/umacieja.net\/blog\/index.php?rest_route=\/wp\/v2\/posts\/4678"}],"collection":[{"href":"https:\/\/umacieja.net\/blog\/index.php?rest_route=\/wp\/v2\/posts"}],"about":[{"href":"https:\/\/umacieja.net\/blog\/index.php?rest_route=\/wp\/v2\/types\/post"}],"author":[{"embeddable":true,"href":"https:\/\/umacieja.net\/blog\/index.php?rest_route=\/wp\/v2\/users\/1"}],"replies":[{"embeddable":true,"href":"https:\/\/umacieja.net\/blog\/index.php?rest_route=%2Fwp%2Fv2%2Fcomments&post=4678"}],"version-history":[{"count":0,"href":"https:\/\/umacieja.net\/blog\/index.php?rest_route=\/wp\/v2\/posts\/4678\/revisions"}],"wp:attachment":[{"href":"https:\/\/umacieja.net\/blog\/index.php?rest_route=%2Fwp%2Fv2%2Fmedia&parent=4678"}],"wp:term":[{"taxonomy":"category","embeddable":true,"href":"https:\/\/umacieja.net\/blog\/index.php?rest_route=%2Fwp%2Fv2%2Fcategories&post=4678"},{"taxonomy":"post_tag","embeddable":true,"href":"https:\/\/umacieja.net\/blog\/index.php?rest_route=%2Fwp%2Fv2%2Ftags&post=4678"}],"curies":[{"name":"wp","href":"https:\/\/api.w.org\/{rel}","templated":true}]}}