{"id":4673,"date":"2022-03-11T13:13:47","date_gmt":"2022-03-11T11:13:47","guid":{"rendered":"http:\/\/umacieja.net\/blog\/?p=4673"},"modified":"2022-03-11T13:13:47","modified_gmt":"2022-03-11T11:13:47","slug":"szkola-karola-wojtyly","status":"publish","type":"post","link":"https:\/\/umacieja.net\/blog\/?p=4673","title":{"rendered":"Szko\u0142a Karola Wojty\u0142y"},"content":{"rendered":"<p><a href=\"http:\/\/umacieja.net\/blog\/wp-content\/uploads\/2022\/03\/Archiwum-009-scaled.jpg\"><img decoding=\"async\" loading=\"lazy\" class=\"wp-image-4675 alignleft\" src=\"http:\/\/umacieja.net\/blog\/wp-content\/uploads\/2022\/03\/Archiwum-009-1024x768.jpg\" alt=\"\" width=\"616\" height=\"462\" srcset=\"https:\/\/umacieja.net\/blog\/wp-content\/uploads\/2022\/03\/Archiwum-009-1024x768.jpg 1024w, https:\/\/umacieja.net\/blog\/wp-content\/uploads\/2022\/03\/Archiwum-009-300x225.jpg 300w, https:\/\/umacieja.net\/blog\/wp-content\/uploads\/2022\/03\/Archiwum-009-768x576.jpg 768w, https:\/\/umacieja.net\/blog\/wp-content\/uploads\/2022\/03\/Archiwum-009-1536x1152.jpg 1536w, https:\/\/umacieja.net\/blog\/wp-content\/uploads\/2022\/03\/Archiwum-009-2048x1536.jpg 2048w\" sizes=\"(max-width: 616px) 100vw, 616px\" \/><\/a>Wspomnienie<br \/>\nKs. J\u00f3zef Szczeci\u0144ski, m\u00f3j wychowawca z czas\u00f3w m\u0142odo\u015bci w Ni\u017cszym Seminarium Duchownym w P\u0142ocku, odszed\u0142 na wieczne w\u0119drowanie. Do NSD przyszli\u015bmy razem: On jako Inspektor, ja jako ucze\u0144 do klasy I w roku 1982. To On pokaza\u0142 mi g\u00f3ry, nauczy\u0142 oddycha\u0107 nimi i zarazi\u0142 \u0142a\u017ceniem po nich. Do dzi\u015b bez nich nie mog\u0119 \u017cy\u0107. Zabra\u0142 mnie i koleg\u00f3w na piesz\u0105 pielgrzymk\u0119 z P\u0142ocka na Jasn\u0105 G\u00f3r\u0119. By\u0142 wtedy przewodnikiem grupy fioletowej, a to by\u0142a III PPP (rok 1983). Pami\u0119tam te\u017c, \u017ce pomaga\u0142 finansowo w pokryciu koszt\u00f3w w\u0119dr\u00f3wek. Zarabiali\u015bmy pieni\u0105dze na ten cel pracuj\u0105c w naszej szkole np. przy malowaniu pod\u0142\u00f3g i \u015bcian w klasach. Dzi\u0119kuj\u0119 ksi\u0119\u017ce J\u00f3zefie! To by\u0142a szko\u0142a Karola Wojty\u0142y.<br \/>\nPisa\u0142em kiedy\u015b w jednym z wpis\u00f3w na mojej stronie: \u201eLubi\u0119 chodzi\u0107 po g\u00f3rach. Nauczyli mnie tego moi Rodzice i ks. J\u00f3zef Szczeci\u0144ski (Prefekt i Dyrektor NSD), kt\u00f3ry w LO im. \u015bw. Stanis\u0142awa Kostki w P\u0142ocku w latach osiemdziesi\u0105tych minionego wieku wyci\u0105ga\u0142 nas w g\u00f3ry. Ju\u017c wtedy potrafi\u0142 nas nastolatk\u00f3w zach\u0119ci\u0107 do tego, aby\u015bmy zmieniali kanap\u0119 na buty wyczynowe! W\u0119drowali\u015bmy przed siebie, bez zaplanowanych nocleg\u00f3w w wygodnych hotelach, z namiotami w r\u0119ku i z plecakami na ramionach. W\u0119drowali\u015bmy po polskich g\u00f3rach i gdzie noc nas zasta\u0142a tam rozbijali\u015bmy namioty. Czasem nie by\u0142o co je\u015b\u0107. Nawet chleba brakowa\u0142o w sklepach. Deszcze, ani kamienie na \u015bcie\u017ckach nie przeszkadza\u0142y w rado\u015bci zdobywania kolejnych szczyt\u00f3w! Mieli\u015bmy wiar\u0119 i rado\u015b\u0107 z niej p\u0142yn\u0105c\u0105.<br \/>\nA kiedy jest wiara? Pytamy dzi\u015b w ten zimny, marcowy czas wielkopostny. Z odpowiedzi\u0105 przychodzi mi wiersz Czes\u0142awa Mi\u0142osza \u201eWiara\u201d:<br \/>\nWiara jest tak\u017ce, je\u017celi kto\u015b zrani<br \/>\nNog\u0119 kamieniem i wie, \u017ce kamienie<br \/>\nS\u0105 po to, \u017ceby nogi nam rani\u0142y.<\/p>\n<p>Wiara jest trudn\u0105 \u0142ask\u0105, zawsze boli i rani jak te kamienie w g\u00f3rach. Trzeba j\u0105 ci\u0105gle zdobywa\u0107 i j\u0105 pomna\u017ca\u0107, troszczy\u0107 si\u0119 o ni\u0105, piel\u0119gnowa\u0107, uprawia\u0107, podlewa\u0107, nawozi\u0107\u201d<br \/>\nJak m\u00f3wi\u0142 na pogrzebie pose\u0142 na Sejm RP Pan profesor Zbigniew Girzy\u0144ski (m\u00f3j m\u0142odszy Przyjaciel i Kolega z NSD) 1) ks. J\u00f3zef mia\u0142 czas zawsze i dla wszystkich, 2) By\u0142 dla nas Ojcem &#8211; wymagaj\u0105cym!.<br \/>\nA dzi\u015b ludzie w wi\u0119kszo\u015bci nie maj\u0105 czasu i nie chc\u0105 by\u0107 Ojcami&#8230;<br \/>\nPs. Zdj\u0119cie przedstawia koleg\u00f3w z NSD w\u0119druj\u0105cych szlakami g\u00f3rskimi w latach osiemdziesi\u0105tych XX wieku. Wtedy szli\u015bmy na Turbacz<\/p>\n","protected":false},"excerpt":{"rendered":"<p>Wspomnienie Ks. J\u00f3zef Szczeci\u0144ski, m\u00f3j wychowawca z czas\u00f3w m\u0142odo\u015bci w Ni\u017cszym Seminarium Duchownym w P\u0142ocku, odszed\u0142 na wieczne w\u0119drowanie. Do NSD przyszli\u015bmy razem: On jako Inspektor, ja jako ucze\u0144 do klasy I w roku 1982. To On pokaza\u0142 mi g\u00f3ry, nauczy\u0142 oddycha\u0107 nimi i zarazi\u0142 \u0142a\u017ceniem po nich. Do dzi\u015b bez nich nie mog\u0119 \u017cy\u0107. [&hellip;]<\/p>\n","protected":false},"author":1,"featured_media":0,"comment_status":"open","ping_status":"closed","sticky":false,"template":"","format":"standard","meta":{"ngg_post_thumbnail":0},"categories":[1],"tags":[],"_links":{"self":[{"href":"https:\/\/umacieja.net\/blog\/index.php?rest_route=\/wp\/v2\/posts\/4673"}],"collection":[{"href":"https:\/\/umacieja.net\/blog\/index.php?rest_route=\/wp\/v2\/posts"}],"about":[{"href":"https:\/\/umacieja.net\/blog\/index.php?rest_route=\/wp\/v2\/types\/post"}],"author":[{"embeddable":true,"href":"https:\/\/umacieja.net\/blog\/index.php?rest_route=\/wp\/v2\/users\/1"}],"replies":[{"embeddable":true,"href":"https:\/\/umacieja.net\/blog\/index.php?rest_route=%2Fwp%2Fv2%2Fcomments&post=4673"}],"version-history":[{"count":0,"href":"https:\/\/umacieja.net\/blog\/index.php?rest_route=\/wp\/v2\/posts\/4673\/revisions"}],"wp:attachment":[{"href":"https:\/\/umacieja.net\/blog\/index.php?rest_route=%2Fwp%2Fv2%2Fmedia&parent=4673"}],"wp:term":[{"taxonomy":"category","embeddable":true,"href":"https:\/\/umacieja.net\/blog\/index.php?rest_route=%2Fwp%2Fv2%2Fcategories&post=4673"},{"taxonomy":"post_tag","embeddable":true,"href":"https:\/\/umacieja.net\/blog\/index.php?rest_route=%2Fwp%2Fv2%2Ftags&post=4673"}],"curies":[{"name":"wp","href":"https:\/\/api.w.org\/{rel}","templated":true}]}}