{"id":467,"date":"2011-12-07T22:25:43","date_gmt":"2011-12-07T20:25:43","guid":{"rendered":"http:\/\/www.umacieja.net\/blog\/?p=467"},"modified":"2014-08-14T17:30:28","modified_gmt":"2014-08-14T15:30:28","slug":"na-szczyciedom-matki","status":"publish","type":"post","link":"https:\/\/umacieja.net\/blog\/?p=467","title":{"rendered":"Na szczycie w Domu Matki."},"content":{"rendered":"<p><img decoding=\"async\" loading=\"lazy\" class=\"aligncenter\" title=\"dom matki\" src=\"http:\/\/umacieja.net\/galeria\/albums\/userpics\/Turcja_391.jpg\" alt=\"\" width=\"492\" height=\"369\" \/><\/p>\n<p>To zdj\u0119cie zrobi\u0142em &#8222;nielegalnie&#8221; w Domu Matki Boskiej. Widok rzadki w Turcji, aby kto\u015b wyznawa\u0142 publicznie wiar\u0119 chrze\u015bcija\u0144sk\u0105. To by\u0142o w wyj\u0105tkowym i uroczym miejscu,\u00a0 zwanym: &#8221; Meryem Ana&#8221;, niedaleko Efezu. Jak tradycja g\u0142osi, po \u015bmierci Jezusa &#8211; gdy Ko\u015bci\u00f3\u0142 by\u0142 prze\u015bladowany w Jerozolimie\u00a0 &#8211;\u00a0 Matka Bo\u017ca przyby\u0142a tam ze \u015aw. Janem Aposto\u0142em i mieszka\u0142a przez 11 lat. Jan spe\u0142ni\u0142 testament z krzy\u017ca: &#8222;Oto Matka Twoja, (&#8230;) i ucze\u0144 wzi\u0105\u0142 j\u0105 do siebie&#8230;&#8221; a \u017ce mieszka\u0142 w Efezie i tam umar\u0142, wi\u0119c logiczne si\u0119 wydaje, \u017ce Maryja stamt\u0105d zosta\u0142a wzi\u0119ta do nieba. Chocia\u017c ksi\u0105dz profesor Henryk Seweryniak podobno twierdzi inaczej&#8230;, \u017ce z Jerozolimy zosta\u0142a wzi\u0119ta do nieba.<\/p>\n<p>Miejsce to, kt\u00f3re widzimy na zdj\u0119ciu, nape\u0142nia\u0142o mnie niesamowitym pokojem. Dom &#8211; kaplica na fundamencie dawnego domu Maryi &#8211; jak g\u0142osi opowie\u015b\u0107, jest strze\u017cony przez \u017co\u0142nierzy tureckich z karabinami! Mimo widoku tych karabin\u00f3w, odczuwa\u0142o si\u0119 jak\u0105\u015b niesamowit\u0105 atmosfer\u0119 w tym miejscu. By\u0142o inaczej: b\u0142ogo, pi\u0119knie, pachn\u0105co, \u015bpiewaj\u0105co, s\u0142onecznie, modlitewnie. Mia\u0142em wra\u017cenie przedsionku nieba. Skojarzy\u0142em Wniebowzi\u0119cie NMP z tego miejsca Jej pobytu z tytu\u0142em mojej Parafii: Wniebowzi\u0119cia NMP w Dulsku. Zostali\u015bmy wzi\u0119ci do nieba! Przez Niepokalan\u0105, kt\u00f3ra go\u015bci w naszym <a href=\"http:\/\/www.parafiadulsk.pl\/galeria\/displayimage.php?album=1&amp;pos=51\">g\u0142\u00f3wnym o\u0142tarzu.<\/a><\/p>\n<p>Jutro, tj 08.12 &#8211; Uroczysto\u015b\u0107 Niepokalanego Pocz\u0119cia NMP, ma odby\u0107 si\u0119 kolejny szczyt UE. Maryja ma wieniec z gwiazd dwunastu, mo\u017cna powiedzie\u0107, \u017ce w zwi\u0105zku z tym jest patronk\u0105 UE. Oczywi\u015bcie &#8222;przypadkowo&#8221; ten szczyt UE, kt\u00f3ry ma ratowa\u0107 UE i Euro, odbywa\u0107 si\u0119 b\u0119dzie w Niepokalane Pocz\u0119cie NMP. Jestem przekonamy, \u017ce wi\u0119kszo\u015b\u0107 obraduj\u0105cych, nie wie o tym \u015bwi\u0119cie NMP. Ale to kolejny znak od Boga, kt\u00f3ry wskazuje drog\u0119 wyj\u015bcia z tego okrzyczanego kryzysu: ta droga, to powr\u00f3t do Boga, to przyk\u0142ad wiary Niepokalanej. O takiej propozycji raczej nie us\u0142yszymy na szczycie.Tzw kryzys ekonomiczny ma swoje \u017ar\u00f3d\u0142o w kryzysie wiary: je\u015bli odchodzisz od Boga, to wszystko wtedy wolno&#8230; wolno oszukiwa\u0107, bogaci\u0107 si\u0119 kosztem innych, k\u0142ama\u0107, by\u0107 rozrzutnym itp&#8230;<\/p>\n<p>Warto wr\u00f3ci\u0107 do domu Matki; Ko\u015bci\u00f3\u0142 jest takim domem Matki. Tam jest szczyt nie UE, ale szczyt Mi\u0142o\u015bci i przebaczenia, powrotu do Boga, zamieszkania z Matk\u0105 Niepokalan\u0105 i Wniebowzi\u0119t\u0105! To jest droga wyj\u015bcia z kryzysu. Ale czy szczyt UE to zrozumie?<\/p>\n","protected":false},"excerpt":{"rendered":"<p>To zdj\u0119cie zrobi\u0142em &#8222;nielegalnie&#8221; w Domu Matki Boskiej. Widok rzadki w Turcji, aby kto\u015b wyznawa\u0142 publicznie wiar\u0119 chrze\u015bcija\u0144sk\u0105. To by\u0142o w wyj\u0105tkowym i uroczym miejscu,\u00a0 zwanym: &#8221; Meryem Ana&#8221;, niedaleko Efezu. Jak tradycja g\u0142osi, po \u015bmierci Jezusa &#8211; gdy Ko\u015bci\u00f3\u0142 by\u0142 prze\u015bladowany w Jerozolimie\u00a0 &#8211;\u00a0 Matka Bo\u017ca przyby\u0142a tam ze \u015aw. Janem Aposto\u0142em i mieszka\u0142a [&hellip;]<\/p>\n","protected":false},"author":1,"featured_media":0,"comment_status":"open","ping_status":"closed","sticky":false,"template":"","format":"standard","meta":{"ngg_post_thumbnail":0},"categories":[1],"tags":[],"_links":{"self":[{"href":"https:\/\/umacieja.net\/blog\/index.php?rest_route=\/wp\/v2\/posts\/467"}],"collection":[{"href":"https:\/\/umacieja.net\/blog\/index.php?rest_route=\/wp\/v2\/posts"}],"about":[{"href":"https:\/\/umacieja.net\/blog\/index.php?rest_route=\/wp\/v2\/types\/post"}],"author":[{"embeddable":true,"href":"https:\/\/umacieja.net\/blog\/index.php?rest_route=\/wp\/v2\/users\/1"}],"replies":[{"embeddable":true,"href":"https:\/\/umacieja.net\/blog\/index.php?rest_route=%2Fwp%2Fv2%2Fcomments&post=467"}],"version-history":[{"count":0,"href":"https:\/\/umacieja.net\/blog\/index.php?rest_route=\/wp\/v2\/posts\/467\/revisions"}],"wp:attachment":[{"href":"https:\/\/umacieja.net\/blog\/index.php?rest_route=%2Fwp%2Fv2%2Fmedia&parent=467"}],"wp:term":[{"taxonomy":"category","embeddable":true,"href":"https:\/\/umacieja.net\/blog\/index.php?rest_route=%2Fwp%2Fv2%2Fcategories&post=467"},{"taxonomy":"post_tag","embeddable":true,"href":"https:\/\/umacieja.net\/blog\/index.php?rest_route=%2Fwp%2Fv2%2Ftags&post=467"}],"curies":[{"name":"wp","href":"https:\/\/api.w.org\/{rel}","templated":true}]}}