{"id":4570,"date":"2020-06-05T10:03:02","date_gmt":"2020-06-05T08:03:02","guid":{"rendered":"http:\/\/umacieja.net\/blog\/?p=4570"},"modified":"2020-08-14T11:14:56","modified_gmt":"2020-08-14T09:14:56","slug":"sluga-bozy","status":"publish","type":"post","link":"https:\/\/umacieja.net\/blog\/?p=4570","title":{"rendered":"S\u0142uga Bo\u017cy"},"content":{"rendered":"<p><center><a href=\"http:\/\/umacieja.net\/blog\/wp-content\/uploads\/2020\/06\/101002019_3563711870322205_3552693335460151296_n.jpg\"><img decoding=\"async\" loading=\"lazy\" class=\"aligncenter wp-image-4571\" src=\"http:\/\/umacieja.net\/blog\/wp-content\/uploads\/2020\/06\/101002019_3563711870322205_3552693335460151296_n.jpg\" alt=\"\" width=\"473\" height=\"533\" srcset=\"https:\/\/umacieja.net\/blog\/wp-content\/uploads\/2020\/06\/101002019_3563711870322205_3552693335460151296_n.jpg 720w, https:\/\/umacieja.net\/blog\/wp-content\/uploads\/2020\/06\/101002019_3563711870322205_3552693335460151296_n-266x300.jpg 266w\" sizes=\"(max-width: 473px) 100vw, 473px\" \/><\/a><\/center><br \/>\nBrakuje nam bardzo w tych czasach nieludzkich uczynk\u00f3w mi\u0142o\u015bci tej powszedniej, dobra, zrozumienia, \u017cyczliwo\u015bci. Co robi\u0107? Jak \u017cy\u0107 w takiej sytuacji? Podpowiada <a href=\"https:\/\/plock.gosc.pl\/doc\/6299526.Ks-Seweryniak-o-wierze-spod-znaku-COVID-19\">ks. prof. H. Seweryniak<\/a> w niedawnym wywiadzie w GN: &#8222;Robi\u0107 dalej, co si\u0119 da, nawet lepiej. Rozmawiamy o cnotach, czyli o utwierdzaniu siebie i innych w czynieniu dobra. A poniewa\u017c rozmowy rozpocz\u0119li\u015bmy w Wielkim Po\u015bcie, nazwali\u015bmy je cnotami paschalnymi. Chodzi o: czu\u0142o\u015b\u0107, nieoboj\u0119tno\u015b\u0107, niekonwencjonalno\u015b\u0107, piel\u0119gnowanie ogrodu (tak, tak \u2013 to te\u017c cnota, cho\u0107by \u0107wiczona na balkonie), wiarygodno\u015b\u0107, wielkoduszno\u015b\u0107.&#8221; Tego uczy\u0142 i uczy dalej Prymas Wyszy\u0144ski. Tego \u017cycz\u0119 wszystkim, zw\u0142aszcza wszelkim w\u0142adcom i w\u0142odarzom.<\/p>\n<p>A co do ogrod\u00f3w, to wyj\u0105tkowo w tym roku (zas\u0142ugo epidemii?) ludzie poszli je uprawia\u0107 i piel\u0119gnowa\u0107. Brakowa\u0142o u ogrodnik\u00f3w sadzonek i nasadze\u0144. Dzi\u0119ki mojemu poprzednikowi ks. Zdzis\u0142awowi mam co piel\u0119gnowa\u0107&#8230;<\/p>\n<p>ps Prymas Tysi\u0105clecia chyba chcia\u0142 dalej pozosta\u0107 S\u0142ug\u0105 Bo\u017cym, niespieszno Mu do kolejnych &#8222;zaszczyt\u00f3w&#8221;<\/p>\n","protected":false},"excerpt":{"rendered":"<p>Brakuje nam bardzo w tych czasach nieludzkich uczynk\u00f3w mi\u0142o\u015bci tej powszedniej, dobra, zrozumienia, \u017cyczliwo\u015bci. Co robi\u0107? Jak \u017cy\u0107 w takiej sytuacji? Podpowiada ks. prof. H. Seweryniak w niedawnym wywiadzie w GN: &#8222;Robi\u0107 dalej, co si\u0119 da, nawet lepiej. Rozmawiamy o cnotach, czyli o utwierdzaniu siebie i innych w czynieniu dobra. A poniewa\u017c rozmowy rozpocz\u0119li\u015bmy w [&hellip;]<\/p>\n","protected":false},"author":1,"featured_media":0,"comment_status":"open","ping_status":"closed","sticky":false,"template":"","format":"standard","meta":{"ngg_post_thumbnail":0},"categories":[1],"tags":[],"_links":{"self":[{"href":"https:\/\/umacieja.net\/blog\/index.php?rest_route=\/wp\/v2\/posts\/4570"}],"collection":[{"href":"https:\/\/umacieja.net\/blog\/index.php?rest_route=\/wp\/v2\/posts"}],"about":[{"href":"https:\/\/umacieja.net\/blog\/index.php?rest_route=\/wp\/v2\/types\/post"}],"author":[{"embeddable":true,"href":"https:\/\/umacieja.net\/blog\/index.php?rest_route=\/wp\/v2\/users\/1"}],"replies":[{"embeddable":true,"href":"https:\/\/umacieja.net\/blog\/index.php?rest_route=%2Fwp%2Fv2%2Fcomments&post=4570"}],"version-history":[{"count":0,"href":"https:\/\/umacieja.net\/blog\/index.php?rest_route=\/wp\/v2\/posts\/4570\/revisions"}],"wp:attachment":[{"href":"https:\/\/umacieja.net\/blog\/index.php?rest_route=%2Fwp%2Fv2%2Fmedia&parent=4570"}],"wp:term":[{"taxonomy":"category","embeddable":true,"href":"https:\/\/umacieja.net\/blog\/index.php?rest_route=%2Fwp%2Fv2%2Fcategories&post=4570"},{"taxonomy":"post_tag","embeddable":true,"href":"https:\/\/umacieja.net\/blog\/index.php?rest_route=%2Fwp%2Fv2%2Ftags&post=4570"}],"curies":[{"name":"wp","href":"https:\/\/api.w.org\/{rel}","templated":true}]}}