{"id":4548,"date":"2020-03-14T16:13:15","date_gmt":"2020-03-14T14:13:15","guid":{"rendered":"http:\/\/umacieja.net\/blog\/?p=4548"},"modified":"2020-03-14T17:38:37","modified_gmt":"2020-03-14T15:38:37","slug":"swiety-roch-zapomniany-swiety","status":"publish","type":"post","link":"https:\/\/umacieja.net\/blog\/?p=4548","title":{"rendered":"\u015awi\u0119ty Roch &#8211; patron od &#8222;powietrza&#8221;"},"content":{"rendered":"<p><a href=\"http:\/\/umacieja.net\/blog\/wp-content\/uploads\/2020\/03\/Odpust-\u015bw.-Rocha-097.jpg\"><img decoding=\"async\" loading=\"lazy\" class=\"wp-image-4551 alignleft\" src=\"http:\/\/umacieja.net\/blog\/wp-content\/uploads\/2020\/03\/Odpust-\u015bw.-Rocha-097-1024x771.jpg\" alt=\"\" width=\"560\" height=\"422\" srcset=\"https:\/\/umacieja.net\/blog\/wp-content\/uploads\/2020\/03\/Odpust-\u015bw.-Rocha-097-1024x771.jpg 1024w, https:\/\/umacieja.net\/blog\/wp-content\/uploads\/2020\/03\/Odpust-\u015bw.-Rocha-097-300x226.jpg 300w, https:\/\/umacieja.net\/blog\/wp-content\/uploads\/2020\/03\/Odpust-\u015bw.-Rocha-097-768x579.jpg 768w\" sizes=\"(max-width: 560px) 100vw, 560px\" \/><\/a><\/p>\n<p>&nbsp;<\/p>\n<p>W\u015br\u00f3d wielu bardziej czy mniej potrzebnych dzia\u0142a\u0144 zwi\u0105zanych z sytuacj\u0105 panuj\u0105c\u0105 obecnie w Polsce i na \u015bwiecie, cz\u0119sto tracimy zdrowy rozs\u0105dek i reszt\u0119 wiary. Warto przypomnie\u0107 <a href=\"http:\/\/martyrologium.blogspot.com\/2010\/08\/sw-roch.html\">naszego parafialnego patrona &#8211; \u015bw. Rocha<\/a>, jego \u017cycie i prze\u017cycia zwi\u0105zane z \u00f3wczesnymi epidemiami w XIV wiecznej Italii i pomodli\u0107 si\u0119 o jego wstawiennictwo i pomoc. Zach\u0119cam do odmawiania tej modlitwy o powstrzymanie zarazy:<\/p>\n<p><strong>Modlitwa do \u015bw. Rocha podczas powietrza<\/strong>: &#8222;Wszechmog\u0105cy i wieczny Bo\u017ce! kt\u00f3ry\u015b dla zas\u0142ug przeb\u0142ogos\u0142awionego Rocha, wyznawcy Twego nieraz od Twych wiernych morow\u0105 zaraz\u0119 \u0142askawie oddali\u0107 raczy\u0142! Daj ludowi Twemu o oddalenie takowego\u017c powietrza, do Twojej si\u0119 dobroci uciekaj\u0105cemu, aby, za przyczyn\u0105 tego\u017c chwalebnego wyznawcy Twego, od tej zarazy i od wszelkiego zatrwo\u017cenia wolnym zostawi\u0142. Przez Pana naszego, Jezusa Chrystusa, kt\u00f3ry z Tob\u0105 \u017cyje i kr\u00f3luje, B\u00f3g na wieki wiek\u00f3w. Amen.&#8221; \u015awi\u0119ty Rochu m\u00f3dl si\u0119 za nami!<\/p>\n<p>Wi\u0119cej o <a href=\"http:\/\/umacieja.net\/blog\/?p=1425\">\u015bw. Rochu znajdziemy tu<\/a><\/p>\n<p>&nbsp;<\/p>\n","protected":false},"excerpt":{"rendered":"<p>&nbsp; W\u015br\u00f3d wielu bardziej czy mniej potrzebnych dzia\u0142a\u0144 zwi\u0105zanych z sytuacj\u0105 panuj\u0105c\u0105 obecnie w Polsce i na \u015bwiecie, cz\u0119sto tracimy zdrowy rozs\u0105dek i reszt\u0119 wiary. Warto przypomnie\u0107 naszego parafialnego patrona &#8211; \u015bw. Rocha, jego \u017cycie i prze\u017cycia zwi\u0105zane z \u00f3wczesnymi epidemiami w XIV wiecznej Italii i pomodli\u0107 si\u0119 o jego wstawiennictwo i pomoc. Zach\u0119cam do [&hellip;]<\/p>\n","protected":false},"author":1,"featured_media":0,"comment_status":"open","ping_status":"closed","sticky":false,"template":"","format":"standard","meta":{"ngg_post_thumbnail":0},"categories":[1],"tags":[],"_links":{"self":[{"href":"https:\/\/umacieja.net\/blog\/index.php?rest_route=\/wp\/v2\/posts\/4548"}],"collection":[{"href":"https:\/\/umacieja.net\/blog\/index.php?rest_route=\/wp\/v2\/posts"}],"about":[{"href":"https:\/\/umacieja.net\/blog\/index.php?rest_route=\/wp\/v2\/types\/post"}],"author":[{"embeddable":true,"href":"https:\/\/umacieja.net\/blog\/index.php?rest_route=\/wp\/v2\/users\/1"}],"replies":[{"embeddable":true,"href":"https:\/\/umacieja.net\/blog\/index.php?rest_route=%2Fwp%2Fv2%2Fcomments&post=4548"}],"version-history":[{"count":0,"href":"https:\/\/umacieja.net\/blog\/index.php?rest_route=\/wp\/v2\/posts\/4548\/revisions"}],"wp:attachment":[{"href":"https:\/\/umacieja.net\/blog\/index.php?rest_route=%2Fwp%2Fv2%2Fmedia&parent=4548"}],"wp:term":[{"taxonomy":"category","embeddable":true,"href":"https:\/\/umacieja.net\/blog\/index.php?rest_route=%2Fwp%2Fv2%2Fcategories&post=4548"},{"taxonomy":"post_tag","embeddable":true,"href":"https:\/\/umacieja.net\/blog\/index.php?rest_route=%2Fwp%2Fv2%2Ftags&post=4548"}],"curies":[{"name":"wp","href":"https:\/\/api.w.org\/{rel}","templated":true}]}}