{"id":4513,"date":"2019-11-02T15:07:29","date_gmt":"2019-11-02T13:07:29","guid":{"rendered":"http:\/\/umacieja.net\/blog\/?p=4513"},"modified":"2019-11-03T19:47:22","modified_gmt":"2019-11-03T17:47:22","slug":"nasz-brodnicki-ambasador-w-bieszczadach","status":"publish","type":"post","link":"https:\/\/umacieja.net\/blog\/?p=4513","title":{"rendered":"Nasz brodnicki ambasador w Bieszczadach"},"content":{"rendered":"<div id=\"attachment_4519\" style=\"width: 467px\" class=\"wp-caption alignleft\"><a href=\"http:\/\/umacieja.net\/blog\/wp-content\/uploads\/2019\/11\/Bieszczady-2-278.jpg\"><img aria-describedby=\"caption-attachment-4519\" decoding=\"async\" loading=\"lazy\" class=\" wp-image-4519\" src=\"http:\/\/umacieja.net\/blog\/wp-content\/uploads\/2019\/11\/Bieszczady-2-278-680x1024.jpg\" alt=\"\" width=\"457\" height=\"689\" srcset=\"https:\/\/umacieja.net\/blog\/wp-content\/uploads\/2019\/11\/Bieszczady-2-278-680x1024.jpg 680w, https:\/\/umacieja.net\/blog\/wp-content\/uploads\/2019\/11\/Bieszczady-2-278-199x300.jpg 199w, https:\/\/umacieja.net\/blog\/wp-content\/uploads\/2019\/11\/Bieszczady-2-278-768x1156.jpg 768w\" sizes=\"(max-width: 457px) 100vw, 457px\" \/><\/a><p id=\"caption-attachment-4519\" class=\"wp-caption-text\">&nbsp;<\/p><\/div>\n<p><a href=\"http:\/\/umacieja.net\/blog\/wp-content\/uploads\/2019\/11\/Bieszczady-2-273.jpg\"><img decoding=\"async\" loading=\"lazy\" class=\" wp-image-4514\" src=\"http:\/\/umacieja.net\/blog\/wp-content\/uploads\/2019\/11\/Bieszczady-2-273-680x1024.jpg\" alt=\"\" width=\"452\" height=\"681\" srcset=\"https:\/\/umacieja.net\/blog\/wp-content\/uploads\/2019\/11\/Bieszczady-2-273-680x1024.jpg 680w, https:\/\/umacieja.net\/blog\/wp-content\/uploads\/2019\/11\/Bieszczady-2-273-199x300.jpg 199w, https:\/\/umacieja.net\/blog\/wp-content\/uploads\/2019\/11\/Bieszczady-2-273-768x1156.jpg 768w\" sizes=\"(max-width: 452px) 100vw, 452px\" \/><\/a><\/p>\n<p>&nbsp;<\/p>\n<p>W Zaduszki przypomnia\u0142em sobie sierpniowe opowie\u015bci przewodnika i pomodli\u0142em si\u0119 za bieszczadzkiego rze\u017abiarza i malarza, kowboja i awanturnika, w\u0142\u00f3cz\u0119g\u0119 i zakapiora J\u0119drka Wasilewskiego Po\u0142oniny. W sierpniu odwiedzili\u015bmy jego gr\u00f3b &nbsp;w &nbsp;miejscowo\u015bci Kulaszne k. Koma\u0144czy, kt\u00f3ry zrobiony jest z kamienia, a krzy\u017c z ko\u0144skich podk\u00f3w.<\/p>\n<p>Odkry\u0142em ciekaw\u0105 Posta\u0107 pochodz\u0105c\u0105 z naszych stron. Okaza\u0142o si\u0119, \u017ce urodzi\u0142 si\u0119 w G\u00f3rznie, mieszka\u0142 w Brodnicy, z kt\u00f3rej to uciek\u0142 w Bieszczady i tam ju\u017c pozosta\u0142. Nazwano go ambasadorem brodnickim w Bieszczadach.<\/p>\n<p>&#8222;J\u0119drek nie mia\u0142 nic, bo on mia\u0142 ca\u0142e Bieszczady&#8221; \u2013 tak o nim opowiadali ludzie. Mo\u017cna wi\u0119cej <a href=\"https:\/\/nowiny24.pl\/jedrek-polonina-bieszczadzki-bard-i-wybitny-rzezbiarz\/ar\/6173971\">o nim<\/a> poczyta\u0107 i<a href=\"https:\/\/brodnica-cbr.pl\/artykul\/wspominali-jedrka-polonina\/32933\"> tutaj.<\/a><\/p>\n<p>Niech odpoczywa w pokoju! A jego przyjaciele niech przypomn\u0105 bieszczadzkie klimaty: <a href=\"https:\/\/www.youtube.com\/watch?v=q2ylmcNHDMQ\">Wolna Grupa Bukowina<\/a><\/p>\n<p>&nbsp;<\/p>\n","protected":false},"excerpt":{"rendered":"<p>&nbsp; W Zaduszki przypomnia\u0142em sobie sierpniowe opowie\u015bci przewodnika i pomodli\u0142em si\u0119 za bieszczadzkiego rze\u017abiarza i malarza, kowboja i awanturnika, w\u0142\u00f3cz\u0119g\u0119 i zakapiora J\u0119drka Wasilewskiego Po\u0142oniny. W sierpniu odwiedzili\u015bmy jego gr\u00f3b &nbsp;w &nbsp;miejscowo\u015bci Kulaszne k. Koma\u0144czy, kt\u00f3ry zrobiony jest z kamienia, a krzy\u017c z ko\u0144skich podk\u00f3w. Odkry\u0142em ciekaw\u0105 Posta\u0107 pochodz\u0105c\u0105 z naszych stron. Okaza\u0142o si\u0119, \u017ce [&hellip;]<\/p>\n","protected":false},"author":1,"featured_media":0,"comment_status":"open","ping_status":"closed","sticky":false,"template":"","format":"standard","meta":{"ngg_post_thumbnail":0},"categories":[1],"tags":[],"_links":{"self":[{"href":"https:\/\/umacieja.net\/blog\/index.php?rest_route=\/wp\/v2\/posts\/4513"}],"collection":[{"href":"https:\/\/umacieja.net\/blog\/index.php?rest_route=\/wp\/v2\/posts"}],"about":[{"href":"https:\/\/umacieja.net\/blog\/index.php?rest_route=\/wp\/v2\/types\/post"}],"author":[{"embeddable":true,"href":"https:\/\/umacieja.net\/blog\/index.php?rest_route=\/wp\/v2\/users\/1"}],"replies":[{"embeddable":true,"href":"https:\/\/umacieja.net\/blog\/index.php?rest_route=%2Fwp%2Fv2%2Fcomments&post=4513"}],"version-history":[{"count":0,"href":"https:\/\/umacieja.net\/blog\/index.php?rest_route=\/wp\/v2\/posts\/4513\/revisions"}],"wp:attachment":[{"href":"https:\/\/umacieja.net\/blog\/index.php?rest_route=%2Fwp%2Fv2%2Fmedia&parent=4513"}],"wp:term":[{"taxonomy":"category","embeddable":true,"href":"https:\/\/umacieja.net\/blog\/index.php?rest_route=%2Fwp%2Fv2%2Fcategories&post=4513"},{"taxonomy":"post_tag","embeddable":true,"href":"https:\/\/umacieja.net\/blog\/index.php?rest_route=%2Fwp%2Fv2%2Ftags&post=4513"}],"curies":[{"name":"wp","href":"https:\/\/api.w.org\/{rel}","templated":true}]}}