{"id":4490,"date":"2019-10-03T14:54:19","date_gmt":"2019-10-03T12:54:19","guid":{"rendered":"http:\/\/umacieja.net\/blog\/?p=4490"},"modified":"2019-10-03T15:08:35","modified_gmt":"2019-10-03T13:08:35","slug":"modlitwa-w-komanczy","status":"publish","type":"post","link":"https:\/\/umacieja.net\/blog\/?p=4490","title":{"rendered":"Modlitwa w Koma\u0144czy"},"content":{"rendered":"<p style=\"text-align: justify;\">Pod koniec upalnego sierpnia z grup\u0105 Parafian odwiedzili\u015bmy miejsce internowania Prymasa Wyszy\u0144skiego <a href=\"http:\/\/parafiastrzygi.pl\/galeria\/thumbnails.php?album=89&amp;page=3\">w Koma\u0144czy.<\/a> Tam modlili\u015bmy si\u0119 o Jego wstawiennictwo w naszych intencjach i sprawach. Prosili\u015bmy Boga i Matk\u0119 Naj\u015bwi\u0119tsz\u0105 o Jego beatyfikacj\u0119. Bieszczady w tym miejscu pachn\u0105 niebem i \u015bwi\u0119to\u015bci\u0105. Dzisiaj dowiedzieli\u015bmy si\u0119, \u017ce jest zgoda Watykanu na beatyfikacj\u0119 naszego wielkiego Rodaka! To dobra wiadomo\u015b\u0107 dla nas.<\/p>\n<p style=\"text-align: justify;\">Polecam przeczyta\u0107 \u015bwietny wpis prof. Miros\u0142awa Krajewskiego o <a href=\"https:\/\/blogprofmiroslawkrajewski.blogspot.com\/2019\/10\/niekoronowany-wadca-polski-i-jego.html?spref=fb&amp;fbclid=IwAR3-B9YE2LWCd4mJ-0CuuU02KmqLRUMTW4kYVPLeHF_9hAxodIjuD5UBvaM\">&#8222;Niekoronowanym w\u0142adcy Polski i jego zwi\u0105zkach z Dobr\u0105 Ziemi\u0105&#8221;<\/a><\/p>\n<p style=\"text-align: justify;\">M\u00f3dlmy si\u0119 tak\u017ce o kanonizacj\u0119 naszych dw\u00f3ch b\u0142ogos\u0142awionych: ks. Jerzego Popie\u0142uszk\u0119 i ks. Wicka Frelichowskiego. O Tym ostatnim tak m\u0105drze i pi\u0119knie opowiada\u0142 kandydat do senatu dr Robert Zadura podczas naszego <a href=\"https:\/\/www.youtube.com\/channel\/UCqmqvh6LFlYp3xEoAFPAnyw\/videos\">Wieczoru Pami\u0119ci w Strzygach<\/a> 28 wrze\u015bnia.<\/p>\n<p style=\"text-align: justify;\">To w Koma\u0144czy powsta\u0142 tekst Jasnog\u00f3rskich \u015alub\u00f3w Narodu Polskiego. Trzeba je na nowo odkry\u0107 &#8211; zw\u0142aszcza w obecnej sytuacji spo\u0142eczno &#8211; politycznej. W naszej parafii zosta\u0142y odnowione podczas ostatnich <a href=\"http:\/\/parafiastrzygi.pl\/galeria\/thumbnails.php?album=13\">Gminnych Do\u017cynek w Suminie<\/a> 31 sierpnia br.<\/p>\n<p>Reszt\u0119 niech opowiedz\u0105 fotografie z drogi wiod\u0105cej do Klasztoru internowania Prymasa Tysi\u0105clecia:<\/p>\n<p><a href=\"http:\/\/umacieja.net\/blog\/wp-content\/uploads\/2019\/10\/Bieszczady_2_284.jpg\"><img decoding=\"async\" loading=\"lazy\" class=\"wp-image-4492 aligncenter\" src=\"http:\/\/umacieja.net\/blog\/wp-content\/uploads\/2019\/10\/Bieszczady_2_284.jpg\" alt=\"\" width=\"579\" height=\"384\" srcset=\"https:\/\/umacieja.net\/blog\/wp-content\/uploads\/2019\/10\/Bieszczady_2_284.jpg 700w, https:\/\/umacieja.net\/blog\/wp-content\/uploads\/2019\/10\/Bieszczady_2_284-300x199.jpg 300w\" sizes=\"(max-width: 579px) 100vw, 579px\" \/><\/a><\/p>\n<p><a href=\"http:\/\/umacieja.net\/blog\/wp-content\/uploads\/2019\/10\/Bieszczady_2_285.jpg\"><img decoding=\"async\" loading=\"lazy\" class=\"wp-image-4493 aligncenter\" src=\"http:\/\/umacieja.net\/blog\/wp-content\/uploads\/2019\/10\/Bieszczady_2_285.jpg\" alt=\"\" width=\"577\" height=\"383\" srcset=\"https:\/\/umacieja.net\/blog\/wp-content\/uploads\/2019\/10\/Bieszczady_2_285.jpg 700w, https:\/\/umacieja.net\/blog\/wp-content\/uploads\/2019\/10\/Bieszczady_2_285-300x199.jpg 300w\" sizes=\"(max-width: 577px) 100vw, 577px\" \/><\/a><\/p>\n<p><a href=\"http:\/\/umacieja.net\/blog\/wp-content\/uploads\/2019\/10\/Bieszczady_2_286.jpg\"><img decoding=\"async\" loading=\"lazy\" class=\"wp-image-4494 aligncenter\" src=\"http:\/\/umacieja.net\/blog\/wp-content\/uploads\/2019\/10\/Bieszczady_2_286.jpg\" alt=\"\" width=\"578\" height=\"384\" srcset=\"https:\/\/umacieja.net\/blog\/wp-content\/uploads\/2019\/10\/Bieszczady_2_286.jpg 700w, https:\/\/umacieja.net\/blog\/wp-content\/uploads\/2019\/10\/Bieszczady_2_286-300x199.jpg 300w\" sizes=\"(max-width: 578px) 100vw, 578px\" \/><\/a><\/p>\n<p><a href=\"http:\/\/umacieja.net\/blog\/wp-content\/uploads\/2019\/10\/Bieszczady_2_288.jpg\"><img decoding=\"async\" loading=\"lazy\" class=\"wp-image-4495 aligncenter\" src=\"http:\/\/umacieja.net\/blog\/wp-content\/uploads\/2019\/10\/Bieszczady_2_288.jpg\" alt=\"\" width=\"571\" height=\"379\" srcset=\"https:\/\/umacieja.net\/blog\/wp-content\/uploads\/2019\/10\/Bieszczady_2_288.jpg 700w, https:\/\/umacieja.net\/blog\/wp-content\/uploads\/2019\/10\/Bieszczady_2_288-300x199.jpg 300w\" sizes=\"(max-width: 571px) 100vw, 571px\" \/><\/a><\/p>\n<p><a href=\"http:\/\/umacieja.net\/blog\/wp-content\/uploads\/2019\/10\/Bieszczady_2_289.jpg\"><img decoding=\"async\" loading=\"lazy\" class=\"wp-image-4496 aligncenter\" src=\"http:\/\/umacieja.net\/blog\/wp-content\/uploads\/2019\/10\/Bieszczady_2_289.jpg\" alt=\"\" width=\"567\" height=\"376\" srcset=\"https:\/\/umacieja.net\/blog\/wp-content\/uploads\/2019\/10\/Bieszczady_2_289.jpg 700w, https:\/\/umacieja.net\/blog\/wp-content\/uploads\/2019\/10\/Bieszczady_2_289-300x199.jpg 300w\" sizes=\"(max-width: 567px) 100vw, 567px\" \/><\/a><\/p>\n<p><a href=\"http:\/\/umacieja.net\/blog\/wp-content\/uploads\/2019\/10\/Bieszczady_2_290.jpg\"><img decoding=\"async\" loading=\"lazy\" class=\"wp-image-4497 aligncenter\" src=\"http:\/\/umacieja.net\/blog\/wp-content\/uploads\/2019\/10\/Bieszczady_2_290.jpg\" alt=\"\" width=\"569\" height=\"378\" srcset=\"https:\/\/umacieja.net\/blog\/wp-content\/uploads\/2019\/10\/Bieszczady_2_290.jpg 700w, https:\/\/umacieja.net\/blog\/wp-content\/uploads\/2019\/10\/Bieszczady_2_290-300x199.jpg 300w\" sizes=\"(max-width: 569px) 100vw, 569px\" \/><\/a><\/p>\n<p>&nbsp;<\/p>\n<p><a href=\"http:\/\/umacieja.net\/blog\/wp-content\/uploads\/2019\/10\/Bieszczady_2_307.jpg\"><img decoding=\"async\" loading=\"lazy\" class=\"wp-image-4502 aligncenter\" src=\"http:\/\/umacieja.net\/blog\/wp-content\/uploads\/2019\/10\/Bieszczady_2_307.jpg\" alt=\"\" width=\"579\" height=\"384\" srcset=\"https:\/\/umacieja.net\/blog\/wp-content\/uploads\/2019\/10\/Bieszczady_2_307.jpg 700w, https:\/\/umacieja.net\/blog\/wp-content\/uploads\/2019\/10\/Bieszczady_2_307-300x199.jpg 300w\" sizes=\"(max-width: 579px) 100vw, 579px\" \/><\/a><\/p>\n<p><a href=\"http:\/\/umacieja.net\/blog\/wp-content\/uploads\/2019\/10\/Bieszczady_2_302.jpg\"><img decoding=\"async\" loading=\"lazy\" class=\"wp-image-4501 aligncenter\" src=\"http:\/\/umacieja.net\/blog\/wp-content\/uploads\/2019\/10\/Bieszczady_2_302.jpg\" alt=\"\" width=\"467\" height=\"703\" srcset=\"https:\/\/umacieja.net\/blog\/wp-content\/uploads\/2019\/10\/Bieszczady_2_302.jpg 465w, https:\/\/umacieja.net\/blog\/wp-content\/uploads\/2019\/10\/Bieszczady_2_302-199x300.jpg 199w\" sizes=\"(max-width: 467px) 100vw, 467px\" \/><\/a><\/p>\n","protected":false},"excerpt":{"rendered":"<p>Pod koniec upalnego sierpnia z grup\u0105 Parafian odwiedzili\u015bmy miejsce internowania Prymasa Wyszy\u0144skiego w Koma\u0144czy. Tam modlili\u015bmy si\u0119 o Jego wstawiennictwo w naszych intencjach i sprawach. Prosili\u015bmy Boga i Matk\u0119 Naj\u015bwi\u0119tsz\u0105 o Jego beatyfikacj\u0119. Bieszczady w tym miejscu pachn\u0105 niebem i \u015bwi\u0119to\u015bci\u0105. Dzisiaj dowiedzieli\u015bmy si\u0119, \u017ce jest zgoda Watykanu na beatyfikacj\u0119 naszego wielkiego Rodaka! To dobra [&hellip;]<\/p>\n","protected":false},"author":1,"featured_media":0,"comment_status":"open","ping_status":"closed","sticky":false,"template":"","format":"standard","meta":{"ngg_post_thumbnail":0},"categories":[1],"tags":[],"_links":{"self":[{"href":"https:\/\/umacieja.net\/blog\/index.php?rest_route=\/wp\/v2\/posts\/4490"}],"collection":[{"href":"https:\/\/umacieja.net\/blog\/index.php?rest_route=\/wp\/v2\/posts"}],"about":[{"href":"https:\/\/umacieja.net\/blog\/index.php?rest_route=\/wp\/v2\/types\/post"}],"author":[{"embeddable":true,"href":"https:\/\/umacieja.net\/blog\/index.php?rest_route=\/wp\/v2\/users\/1"}],"replies":[{"embeddable":true,"href":"https:\/\/umacieja.net\/blog\/index.php?rest_route=%2Fwp%2Fv2%2Fcomments&post=4490"}],"version-history":[{"count":0,"href":"https:\/\/umacieja.net\/blog\/index.php?rest_route=\/wp\/v2\/posts\/4490\/revisions"}],"wp:attachment":[{"href":"https:\/\/umacieja.net\/blog\/index.php?rest_route=%2Fwp%2Fv2%2Fmedia&parent=4490"}],"wp:term":[{"taxonomy":"category","embeddable":true,"href":"https:\/\/umacieja.net\/blog\/index.php?rest_route=%2Fwp%2Fv2%2Fcategories&post=4490"},{"taxonomy":"post_tag","embeddable":true,"href":"https:\/\/umacieja.net\/blog\/index.php?rest_route=%2Fwp%2Fv2%2Ftags&post=4490"}],"curies":[{"name":"wp","href":"https:\/\/api.w.org\/{rel}","templated":true}]}}