{"id":435,"date":"2011-11-12T18:47:14","date_gmt":"2011-11-12T16:47:14","guid":{"rendered":"http:\/\/www.umacieja.net\/blog\/?p=435"},"modified":"2011-11-13T19:21:31","modified_gmt":"2011-11-13T17:21:31","slug":"znow-na-nas-napadli-wolnosc-i-rozwolnienie","status":"publish","type":"post","link":"https:\/\/umacieja.net\/blog\/?p=435","title":{"rendered":"Zn\u00f3w na nas napadli? Wolno\u015b\u0107 i rozwolnienie."},"content":{"rendered":"<p style=\"text-align: center;\"><img decoding=\"async\" loading=\"lazy\" class=\"aligncenter\" title=\"Flaga\" src=\"http:\/\/umacieja.net\/galeria\/albums\/userpics\/Warszawa_08_009.jpg\" alt=\"\" width=\"357\" height=\"476\" \/><\/p>\n<p>Obserwuj\u0105c obrazki w mediach z 11.11.11. mo\u017cna odnie\u015b\u0107 wra\u017cenie, \u017ce zn\u00f3w kto\u015b na nas napad\u0142&#8230; Widzieli\u015bmy zmanipulowane przekazy. Pokazano tylko cz\u0119\u015b\u0107 prawdy. Wielka rzeka Marszu Niepodleg\u0142o\u015bci sz\u0142a w spokoju, ciesz\u0105c si\u0119 z niepodleg\u0142o\u015bci. Mo\u017cna to ogl\u0105da\u0107 na FB, YT. Nie znajdziemy tego w komercyjnych stacjach. Lewacy wezwali pomoc z zagranicy (wnuk\u00f3w tych, kt\u00f3rzy mordowali nas w O\u015bwi\u0119cimiu i podczas II Wwojny \u015awiatowej!), bo sobie nie radz\u0105 w Polsce&#8230;?<\/p>\n<p>Mimo prowokacji, sprowadzania zadymiarzy z Niemiec, walk ulicznych warto zapyta\u0107 o nasz dzisiejszy patriotyzm. Karol Wojty\u0142a pisa\u0142 kilkadziesi\u0105t lat temu : <em>&#8222;Ojczyzna &#8211; kiedy my\u015bl\u0119 &#8211; w\u00f3wczas wyra\u017cam siebie i\u00a0zakorzeniam, m\u00f3wi mi o\u00a0tym serce, jakby ukryta granica, kt\u00f3ra ze\u00a0mnie przebiega ku innym, aby wszystkich ogarnia\u0107 w\u00a0przesz\u0142o\u015b\u0107 dawniejsz\u0105 ni\u017c ka\u017cdy z\u00a0nas: z niej\u00a0si\u0119 wy\u0142aniam&#8230; gdy my\u015bl\u0119 Ojczyzna &#8211; by  zamkn\u0105\u0107 j\u0105 w\u00a0sobie jak skarb, pytam wci\u0105\u017c, jak go pomno\u017cy\u0107, jak poszerzy\u0107 t\u0119 przestrze\u0144, kt\u00f3r\u0105 wype\u0142nia.&#8221;<\/em><\/p>\n<p>Jak wyra\u017cam siebie i zakorzeniam? Walk\u0105 z krzy\u017cem, religi\u0105, Ko\u015bcio\u0142em? A mo\u017ce zdejmuj\u0105c orze\u0142ka z koszulki sportowc\u00f3w? Jak ten skarb pomno\u017cy\u0107 i powi\u0119kszy\u0107? Chyba mo\u017cna to uczyni\u0107: pi\u0119kn\u0105 polsk\u0105 mow\u0105, \u015bpiewem i znajomo\u015bci\u0105 pie\u015bni patriotycznych, modlitw\u0105 za ojczyzn\u0119, dotrzymanym s\u0142owem, obecno\u015bci\u0105 stra\u017cak\u00f3w na galowo i ze sztandarem na Mszy za ojczyzn\u0119 w Jej \u015bwi\u0119to (to chyba oczywista oczywisto\u015b\u0107!). No bo kt\u00f3\u017c ma sta\u0107 na stra\u017cy, czuwa\u0107, broni\u0107, jednoczy\u0107 jak nie Rycerze Floriana? Je\u015bli\u00a0 sztandar i mundur jest dla kogo\u015b ci\u0119\u017carem, to niech go zdejmuje czym pr\u0119dzej i nie profanuje. Ja si\u0119 boj\u0119 takich mundurowych, kt\u00f3rzy zawodz\u0105 w czasie pokoju i spokoju. A co b\u0119dzie w chwili zagro\u017cenia?<\/p>\n<p>Je\u015bli my dzisiaj nie zadbamy o wychowanie m\u0142odego pokolenia, nie damy przyk\u0142adu, nie powiesimy flagi, to zn\u00f3w na nas napadn\u0105 &#8222;odwa\u017cni&#8221;\u00a0 ch\u0142opcy w zamaskowanych twarzach\u00a0 z kawa\u0142kiem chodnika w r\u0119ku. I nie dziwmy si\u0119, \u017ce zamiast wolno\u015bci mamy rozwolnienie..<em>. <\/em><\/p>\n","protected":false},"excerpt":{"rendered":"<p>Obserwuj\u0105c obrazki w mediach z 11.11.11. mo\u017cna odnie\u015b\u0107 wra\u017cenie, \u017ce zn\u00f3w kto\u015b na nas napad\u0142&#8230; Widzieli\u015bmy zmanipulowane przekazy. Pokazano tylko cz\u0119\u015b\u0107 prawdy. Wielka rzeka Marszu Niepodleg\u0142o\u015bci sz\u0142a w spokoju, ciesz\u0105c si\u0119 z niepodleg\u0142o\u015bci. Mo\u017cna to ogl\u0105da\u0107 na FB, YT. Nie znajdziemy tego w komercyjnych stacjach. Lewacy wezwali pomoc z zagranicy (wnuk\u00f3w tych, kt\u00f3rzy mordowali nas [&hellip;]<\/p>\n","protected":false},"author":1,"featured_media":0,"comment_status":"open","ping_status":"closed","sticky":false,"template":"","format":"standard","meta":{"ngg_post_thumbnail":0},"categories":[1],"tags":[],"_links":{"self":[{"href":"https:\/\/umacieja.net\/blog\/index.php?rest_route=\/wp\/v2\/posts\/435"}],"collection":[{"href":"https:\/\/umacieja.net\/blog\/index.php?rest_route=\/wp\/v2\/posts"}],"about":[{"href":"https:\/\/umacieja.net\/blog\/index.php?rest_route=\/wp\/v2\/types\/post"}],"author":[{"embeddable":true,"href":"https:\/\/umacieja.net\/blog\/index.php?rest_route=\/wp\/v2\/users\/1"}],"replies":[{"embeddable":true,"href":"https:\/\/umacieja.net\/blog\/index.php?rest_route=%2Fwp%2Fv2%2Fcomments&post=435"}],"version-history":[{"count":0,"href":"https:\/\/umacieja.net\/blog\/index.php?rest_route=\/wp\/v2\/posts\/435\/revisions"}],"wp:attachment":[{"href":"https:\/\/umacieja.net\/blog\/index.php?rest_route=%2Fwp%2Fv2%2Fmedia&parent=435"}],"wp:term":[{"taxonomy":"category","embeddable":true,"href":"https:\/\/umacieja.net\/blog\/index.php?rest_route=%2Fwp%2Fv2%2Fcategories&post=435"},{"taxonomy":"post_tag","embeddable":true,"href":"https:\/\/umacieja.net\/blog\/index.php?rest_route=%2Fwp%2Fv2%2Ftags&post=435"}],"curies":[{"name":"wp","href":"https:\/\/api.w.org\/{rel}","templated":true}]}}