{"id":4337,"date":"2019-07-16T18:01:20","date_gmt":"2019-07-16T16:01:20","guid":{"rendered":"http:\/\/umacieja.net\/blog\/?p=4337"},"modified":"2019-07-16T18:36:28","modified_gmt":"2019-07-16T16:36:28","slug":"cztery-nieostatnie-odcinki","status":"publish","type":"post","link":"https:\/\/umacieja.net\/blog\/?p=4337","title":{"rendered":"Cztery (nie)ostatnie odcinki"},"content":{"rendered":"<p style=\"text-align: justify;\">Ks. prof. Ireneusz Mroczkowski w ostatnim wpisie zachwyca si\u0119 nad m\u0105dro\u015bci\u0105 Ko\u015bcio\u0142a pielgrzymuj\u0105cego. To dobrze, \u017ce pielgrzymujemy; Gabriel Marcel twierdzi\u0142 o nas chrze\u015bcijanach: &#8222;Homo Viator&#8221;. Ka\u017cda pielgrzymka &#8211; wycieczka uczy m\u0105dro\u015bci \u017cycia: ma sw\u00f3j pocz\u0105tek i sw\u00f3j koniec. Krzy\u017cuje wiele dr\u00f3g. Trwa i pokazuje cel i sens. Tak\u0105 pielgrzymk\u0105 jest ka\u017cda Droga Krzy\u017cowa &#8211; i ta, kt\u00f3r\u0105 napisali\u015bmy w Parafialnym Oddziale Akcji Katolickiej w Strzygach w oparciu o nauczanie b\u0142. Abpa Antoniego Juliana Nowowiejskiego, a kt\u00f3r\u0105 prze\u017cywali\u015bmy w Wielkim Po\u015bcie, id\u0105c z krzy\u017cami po naszych parafialnych \u015bcie\u017ckach, polnych drogach, lasem i asfaltem.<\/p>\n<p style=\"text-align: justify;\">Ks. prof. Henryk Seweryniak w swoim wyk\u0142adzie sprzed 9 lat&nbsp; &#8222;Geografia wiary&#8221; (ju\u017c od dawna ksi\u0105\u017cki nie mo\u017cna kupi\u0107!) pisze, \u017ce &#8222;W\u0119drowanie, podr\u00f3\u017cowanie jest dzisiaj wa\u017cnym sposobem sp\u0119dzania czasu, niekiedy nawet sposobem na \u017cycie. (&#8230;) Geografia wiary jest zaproszeniem do wyruszenia w drog\u0119 na wz\u00f3r dawnych w\u0119drowc\u00f3w, pielgrzym\u00f3w, do udania si\u0119 z nimi do miejsc fundacyjnych chrze\u015bcija\u0144stwa. Ale jeszcze bardziej wezwaniem do postoju: zrozumienia znaczenia Ziemi \u015awi\u0119tej dla chrze\u015bcijan i odkrycia osobistej &#8222;geografii wiary, swojego Nazaretu, Kafarnaum, Rzymu&#8221;.&nbsp;<\/p>\n<p>Ksi\u0119\u017cy Profesor\u00f3w pozdrawiam serdecznie!<\/p>\n<p>Zapraszam do przeczytania wcze\u015bniejszych moich <a href=\"http:\/\/umacieja.net\/blog\/?p=4157\">wpis\u00f3w o pielgrzymowaniu<\/a>.<\/p>\n<p style=\"text-align: justify;\"><a href=\"http:\/\/umacieja.net\/blog\/wp-content\/uploads\/2019\/04\/stacja11.jpeg\"><img decoding=\"async\" loading=\"lazy\" class=\"aligncenter wp-image-4303\" src=\"http:\/\/umacieja.net\/blog\/wp-content\/uploads\/2019\/04\/stacja11-738x1024.jpeg\" alt=\"\" width=\"650\" height=\"902\" srcset=\"https:\/\/umacieja.net\/blog\/wp-content\/uploads\/2019\/04\/stacja11-738x1024.jpeg 738w, https:\/\/umacieja.net\/blog\/wp-content\/uploads\/2019\/04\/stacja11-216x300.jpeg 216w, https:\/\/umacieja.net\/blog\/wp-content\/uploads\/2019\/04\/stacja11-768x1065.jpeg 768w, https:\/\/umacieja.net\/blog\/wp-content\/uploads\/2019\/04\/stacja11.jpeg 1451w\" sizes=\"(max-width: 650px) 100vw, 650px\" \/><\/a> <a href=\"http:\/\/umacieja.net\/blog\/wp-content\/uploads\/2019\/04\/stacja12.jpeg\"><img decoding=\"async\" loading=\"lazy\" class=\"aligncenter wp-image-4304\" src=\"http:\/\/umacieja.net\/blog\/wp-content\/uploads\/2019\/04\/stacja12-738x1024.jpeg\" alt=\"\" width=\"650\" height=\"902\" srcset=\"https:\/\/umacieja.net\/blog\/wp-content\/uploads\/2019\/04\/stacja12-738x1024.jpeg 738w, https:\/\/umacieja.net\/blog\/wp-content\/uploads\/2019\/04\/stacja12-216x300.jpeg 216w, https:\/\/umacieja.net\/blog\/wp-content\/uploads\/2019\/04\/stacja12-768x1065.jpeg 768w, https:\/\/umacieja.net\/blog\/wp-content\/uploads\/2019\/04\/stacja12.jpeg 1451w\" sizes=\"(max-width: 650px) 100vw, 650px\" \/><\/a><a href=\"http:\/\/umacieja.net\/blog\/wp-content\/uploads\/2019\/04\/stacja13.jpeg\"><img decoding=\"async\" loading=\"lazy\" class=\"aligncenter wp-image-4305\" src=\"http:\/\/umacieja.net\/blog\/wp-content\/uploads\/2019\/04\/stacja13-738x1024.jpeg\" alt=\"\" width=\"650\" height=\"902\" srcset=\"https:\/\/umacieja.net\/blog\/wp-content\/uploads\/2019\/04\/stacja13-738x1024.jpeg 738w, https:\/\/umacieja.net\/blog\/wp-content\/uploads\/2019\/04\/stacja13-216x300.jpeg 216w, https:\/\/umacieja.net\/blog\/wp-content\/uploads\/2019\/04\/stacja13-768x1065.jpeg 768w, https:\/\/umacieja.net\/blog\/wp-content\/uploads\/2019\/04\/stacja13.jpeg 1451w\" sizes=\"(max-width: 650px) 100vw, 650px\" \/><\/a> <a href=\"http:\/\/umacieja.net\/blog\/wp-content\/uploads\/2019\/04\/stacja14.jpeg\"><img decoding=\"async\" loading=\"lazy\" class=\"aligncenter wp-image-4306\" src=\"http:\/\/umacieja.net\/blog\/wp-content\/uploads\/2019\/04\/stacja14-738x1024.jpeg\" alt=\"\" width=\"650\" height=\"902\" srcset=\"https:\/\/umacieja.net\/blog\/wp-content\/uploads\/2019\/04\/stacja14-738x1024.jpeg 738w, https:\/\/umacieja.net\/blog\/wp-content\/uploads\/2019\/04\/stacja14-216x300.jpeg 216w, https:\/\/umacieja.net\/blog\/wp-content\/uploads\/2019\/04\/stacja14-768x1065.jpeg 768w, https:\/\/umacieja.net\/blog\/wp-content\/uploads\/2019\/04\/stacja14.jpeg 1451w\" sizes=\"(max-width: 650px) 100vw, 650px\" \/><\/a><\/p>\n","protected":false},"excerpt":{"rendered":"<p>Ks. prof. Ireneusz Mroczkowski w ostatnim wpisie zachwyca si\u0119 nad m\u0105dro\u015bci\u0105 Ko\u015bcio\u0142a pielgrzymuj\u0105cego. To dobrze, \u017ce pielgrzymujemy; Gabriel Marcel twierdzi\u0142 o nas chrze\u015bcijanach: &#8222;Homo Viator&#8221;. Ka\u017cda pielgrzymka &#8211; wycieczka uczy m\u0105dro\u015bci \u017cycia: ma sw\u00f3j pocz\u0105tek i sw\u00f3j koniec. Krzy\u017cuje wiele dr\u00f3g. Trwa i pokazuje cel i sens. Tak\u0105 pielgrzymk\u0105 jest ka\u017cda Droga Krzy\u017cowa &#8211; i [&hellip;]<\/p>\n","protected":false},"author":1,"featured_media":0,"comment_status":"open","ping_status":"closed","sticky":false,"template":"","format":"standard","meta":{"ngg_post_thumbnail":0},"categories":[1],"tags":[],"_links":{"self":[{"href":"https:\/\/umacieja.net\/blog\/index.php?rest_route=\/wp\/v2\/posts\/4337"}],"collection":[{"href":"https:\/\/umacieja.net\/blog\/index.php?rest_route=\/wp\/v2\/posts"}],"about":[{"href":"https:\/\/umacieja.net\/blog\/index.php?rest_route=\/wp\/v2\/types\/post"}],"author":[{"embeddable":true,"href":"https:\/\/umacieja.net\/blog\/index.php?rest_route=\/wp\/v2\/users\/1"}],"replies":[{"embeddable":true,"href":"https:\/\/umacieja.net\/blog\/index.php?rest_route=%2Fwp%2Fv2%2Fcomments&post=4337"}],"version-history":[{"count":0,"href":"https:\/\/umacieja.net\/blog\/index.php?rest_route=\/wp\/v2\/posts\/4337\/revisions"}],"wp:attachment":[{"href":"https:\/\/umacieja.net\/blog\/index.php?rest_route=%2Fwp%2Fv2%2Fmedia&parent=4337"}],"wp:term":[{"taxonomy":"category","embeddable":true,"href":"https:\/\/umacieja.net\/blog\/index.php?rest_route=%2Fwp%2Fv2%2Fcategories&post=4337"},{"taxonomy":"post_tag","embeddable":true,"href":"https:\/\/umacieja.net\/blog\/index.php?rest_route=%2Fwp%2Fv2%2Ftags&post=4337"}],"curies":[{"name":"wp","href":"https:\/\/api.w.org\/{rel}","templated":true}]}}