{"id":4314,"date":"2019-05-07T20:41:26","date_gmt":"2019-05-07T18:41:26","guid":{"rendered":"http:\/\/umacieja.net\/blog\/?p=4314"},"modified":"2019-05-07T20:53:52","modified_gmt":"2019-05-07T18:53:52","slug":"czy-wystarczy-krotko","status":"publish","type":"post","link":"https:\/\/umacieja.net\/blog\/?p=4314","title":{"rendered":"Czy? Wystarczy kr\u00f3tko&#8230;"},"content":{"rendered":"<p><a href=\"http:\/\/umacieja.net\/blog\/wp-content\/uploads\/2019\/05\/DSC_4411.jpg\"><img decoding=\"async\" loading=\"lazy\" class=\" wp-image-4315 aligncenter\" src=\"http:\/\/umacieja.net\/blog\/wp-content\/uploads\/2019\/05\/DSC_4411.jpg\" alt=\"\" width=\"569\" height=\"379\" srcset=\"https:\/\/umacieja.net\/blog\/wp-content\/uploads\/2019\/05\/DSC_4411.jpg 600w, https:\/\/umacieja.net\/blog\/wp-content\/uploads\/2019\/05\/DSC_4411-300x200.jpg 300w\" sizes=\"(max-width: 569px) 100vw, 569px\" \/><\/a><\/p>\n<p>Ci, kt\u00f3rzy profanuj\u0105 nasz\u0105 naj\u015bwi\u0119tsz\u0105 katolick\u0105 i polsk\u0105 IKON\u0118 (jak twierdz\u0105: w imi\u0119 wolno\u015bci), mo\u017ce niech spr\u00f3buj\u0105 doklei\u0107 ten sam symbol LGBT do portretu Mahometa, pod p\u00f3\u0142ksi\u0119\u017cyc, albo do \u017cydowskiej Menory. Przecie\u017c jest wolno\u015b\u0107, a raczej rozwolnienie obyczaj\u00f3w&#8230; Sapienti sat! <a href=\"https:\/\/wpolityce.pl\/spoleczenstwo\/445560-ks-kobylinski-profanacje-to-element-wojny-swiatopogladowej?fbclid=IwAR2CHHibv5ac3-0fRqOXl24z26uBEUYPtC3B354o-FCdd_74pg2xOVHQf-E\">Przeczytaj <\/a><\/p>\n","protected":false},"excerpt":{"rendered":"<p>Ci, kt\u00f3rzy profanuj\u0105 nasz\u0105 naj\u015bwi\u0119tsz\u0105 katolick\u0105 i polsk\u0105 IKON\u0118 (jak twierdz\u0105: w imi\u0119 wolno\u015bci), mo\u017ce niech spr\u00f3buj\u0105 doklei\u0107 ten sam symbol LGBT do portretu Mahometa, pod p\u00f3\u0142ksi\u0119\u017cyc, albo do \u017cydowskiej Menory. Przecie\u017c jest wolno\u015b\u0107, a raczej rozwolnienie obyczaj\u00f3w&#8230; Sapienti sat! Przeczytaj<\/p>\n","protected":false},"author":1,"featured_media":0,"comment_status":"open","ping_status":"closed","sticky":false,"template":"","format":"standard","meta":{"ngg_post_thumbnail":0},"categories":[1],"tags":[],"_links":{"self":[{"href":"https:\/\/umacieja.net\/blog\/index.php?rest_route=\/wp\/v2\/posts\/4314"}],"collection":[{"href":"https:\/\/umacieja.net\/blog\/index.php?rest_route=\/wp\/v2\/posts"}],"about":[{"href":"https:\/\/umacieja.net\/blog\/index.php?rest_route=\/wp\/v2\/types\/post"}],"author":[{"embeddable":true,"href":"https:\/\/umacieja.net\/blog\/index.php?rest_route=\/wp\/v2\/users\/1"}],"replies":[{"embeddable":true,"href":"https:\/\/umacieja.net\/blog\/index.php?rest_route=%2Fwp%2Fv2%2Fcomments&post=4314"}],"version-history":[{"count":0,"href":"https:\/\/umacieja.net\/blog\/index.php?rest_route=\/wp\/v2\/posts\/4314\/revisions"}],"wp:attachment":[{"href":"https:\/\/umacieja.net\/blog\/index.php?rest_route=%2Fwp%2Fv2%2Fmedia&parent=4314"}],"wp:term":[{"taxonomy":"category","embeddable":true,"href":"https:\/\/umacieja.net\/blog\/index.php?rest_route=%2Fwp%2Fv2%2Fcategories&post=4314"},{"taxonomy":"post_tag","embeddable":true,"href":"https:\/\/umacieja.net\/blog\/index.php?rest_route=%2Fwp%2Fv2%2Ftags&post=4314"}],"curies":[{"name":"wp","href":"https:\/\/api.w.org\/{rel}","templated":true}]}}