{"id":4285,"date":"2019-04-08T21:11:02","date_gmt":"2019-04-08T19:11:02","guid":{"rendered":"http:\/\/umacieja.net\/blog\/?p=4285"},"modified":"2019-04-09T20:10:40","modified_gmt":"2019-04-09T18:10:40","slug":"nowy-serial-kler-2","status":"publish","type":"post","link":"https:\/\/umacieja.net\/blog\/?p=4285","title":{"rendered":"Nowy serial: &#8222;Kler 2&#8221;"},"content":{"rendered":"<p><a href=\"http:\/\/umacieja.net\/blog\/wp-content\/uploads\/2019\/04\/ok\u0142adka.jpeg\"><img decoding=\"async\" loading=\"lazy\" class=\"aligncenter wp-image-4286\" src=\"http:\/\/umacieja.net\/blog\/wp-content\/uploads\/2019\/04\/ok\u0142adka-738x1024.jpeg\" alt=\"\" width=\"604\" height=\"838\" srcset=\"https:\/\/umacieja.net\/blog\/wp-content\/uploads\/2019\/04\/ok\u0142adka.jpeg 738w, https:\/\/umacieja.net\/blog\/wp-content\/uploads\/2019\/04\/ok\u0142adka-216x300.jpeg 216w\" sizes=\"(max-width: 604px) 100vw, 604px\" \/><\/a> Tadeusz R\u00f3\u017cewicz w wierszu: Odnale\u017a\u0107 samego siebie pisa\u0142: &#8222;nienawi\u015b\u0107 krzyczy ryczy ujada i wyje, mi\u0142o\u015b\u0107 u\u015bmiecha si\u0119 milczy czeka na was.&#8221; Nie dajmy si\u0119 og\u0142upi\u0107 i sprowokowa\u0107 diab\u0142u! Z\u0142o jest krzykliwe i &#8222;zaje- fajne&#8221;. Dobro nie krzyczy, milczy, u\u015bmiecha si\u0119, czeka.<br \/>\n20 lat temu \u015bwi\u0119ty Jan Pawe\u0142 II beatyfikowa\u0142 m\u0119czennik\u00f3w II wojny \u015bwiatowej &#8211; w tym naszych biskup\u00f3w: abpa AJ Nowowiejskiego i bpa L.Wetma\u0144skiego. Oni nie krzyczeli, nie ujadali, nie ryczeli. Oni milczeli, u\u015bmiechali si\u0119, czekali. I doczekali si\u0119! Bo wiedzieli, \u017ce &#8222;Tylko mi\u0142o\u015bci\u0105 dochodzi si\u0119 do celu&#8230;!&#8221;<br \/>\nTaki tytu\u0142 ma Terenowa Droga Krzy\u017cowa zorganizowana i napisana w oparciu o nauczanie abpa Nowowiejskiego przez cz\u0142onk\u00f3w POAK w Strzygach na 20 rocznic\u0119 beatyfikacji m\u0119czennik\u00f3w II wojny \u015bwiatowej.<br \/>\nTe rozwa\u017cania serialowe poszczeg\u00f3lnych stacji Drogi Krzy\u017cowej niech pomna\u017caj\u0105 dobro, kt\u00f3re z natury swojej jest ciche i nie krzyczy, ale prowadzi do celu &#8211; Mi\u0142o\u015bci.<\/p>\n","protected":false},"excerpt":{"rendered":"<p>Tadeusz R\u00f3\u017cewicz w wierszu: Odnale\u017a\u0107 samego siebie pisa\u0142: &#8222;nienawi\u015b\u0107 krzyczy ryczy ujada i wyje, mi\u0142o\u015b\u0107 u\u015bmiecha si\u0119 milczy czeka na was.&#8221; Nie dajmy si\u0119 og\u0142upi\u0107 i sprowokowa\u0107 diab\u0142u! Z\u0142o jest krzykliwe i &#8222;zaje- fajne&#8221;. Dobro nie krzyczy, milczy, u\u015bmiecha si\u0119, czeka. 20 lat temu \u015bwi\u0119ty Jan Pawe\u0142 II beatyfikowa\u0142 m\u0119czennik\u00f3w II wojny \u015bwiatowej &#8211; w [&hellip;]<\/p>\n","protected":false},"author":1,"featured_media":0,"comment_status":"open","ping_status":"closed","sticky":false,"template":"","format":"standard","meta":{"ngg_post_thumbnail":0},"categories":[1],"tags":[],"_links":{"self":[{"href":"https:\/\/umacieja.net\/blog\/index.php?rest_route=\/wp\/v2\/posts\/4285"}],"collection":[{"href":"https:\/\/umacieja.net\/blog\/index.php?rest_route=\/wp\/v2\/posts"}],"about":[{"href":"https:\/\/umacieja.net\/blog\/index.php?rest_route=\/wp\/v2\/types\/post"}],"author":[{"embeddable":true,"href":"https:\/\/umacieja.net\/blog\/index.php?rest_route=\/wp\/v2\/users\/1"}],"replies":[{"embeddable":true,"href":"https:\/\/umacieja.net\/blog\/index.php?rest_route=%2Fwp%2Fv2%2Fcomments&post=4285"}],"version-history":[{"count":0,"href":"https:\/\/umacieja.net\/blog\/index.php?rest_route=\/wp\/v2\/posts\/4285\/revisions"}],"wp:attachment":[{"href":"https:\/\/umacieja.net\/blog\/index.php?rest_route=%2Fwp%2Fv2%2Fmedia&parent=4285"}],"wp:term":[{"taxonomy":"category","embeddable":true,"href":"https:\/\/umacieja.net\/blog\/index.php?rest_route=%2Fwp%2Fv2%2Fcategories&post=4285"},{"taxonomy":"post_tag","embeddable":true,"href":"https:\/\/umacieja.net\/blog\/index.php?rest_route=%2Fwp%2Fv2%2Ftags&post=4285"}],"curies":[{"name":"wp","href":"https:\/\/api.w.org\/{rel}","templated":true}]}}