{"id":4277,"date":"2019-03-09T13:43:53","date_gmt":"2019-03-09T11:43:53","guid":{"rendered":"http:\/\/umacieja.net\/blog\/?p=4277"},"modified":"2019-03-09T13:43:53","modified_gmt":"2019-03-09T11:43:53","slug":"kryzys-w-kosciele-kosciol-w-kryzysie","status":"publish","type":"post","link":"https:\/\/umacieja.net\/blog\/?p=4277","title":{"rendered":"Kryzys w Ko\u015bciele? Ko\u015bci\u00f3\u0142 w kryzysie?"},"content":{"rendered":"<p><a href=\"http:\/\/umacieja.net\/blog\/wp-content\/uploads\/2019\/03\/Jubileusz_25_lat_par_102.jpg\"><img decoding=\"async\" loading=\"lazy\" class=\"aligncenter size-full wp-image-4278\" src=\"http:\/\/umacieja.net\/blog\/wp-content\/uploads\/2019\/03\/Jubileusz_25_lat_par_102.jpg\" alt=\"\" width=\"450\" height=\"600\" srcset=\"https:\/\/umacieja.net\/blog\/wp-content\/uploads\/2019\/03\/Jubileusz_25_lat_par_102.jpg 450w, https:\/\/umacieja.net\/blog\/wp-content\/uploads\/2019\/03\/Jubileusz_25_lat_par_102-225x300.jpg 225w\" sizes=\"(max-width: 450px) 100vw, 450px\" \/><\/a><\/p>\n<p>Trzydzie\u015bci lat temu mia\u0142em to szcz\u0119\u015bcie studiowa\u0107 listy pasterskie b\u0142. Abpa&nbsp; Antoniego Juliana Nowowiejskiego i napisa\u0107 prac\u0119 magistersk\u0105 pod kierunkiem ks. prof. Henryka Seweryniaka. Temat obronionej pracy na KUL-u brzmi: &#8222;Eklezjologia list\u00f3w pasterskich arcybiskupa Antoniego Juliana Nowowiejskiego&#8221;. Nauczanie Arcybiskupa o Ko\u015bciele i do Ko\u015bcio\u0142a wzbudza\u0142o w tym czasie szczeg\u00f3lne zainteresowanie ze wzgl\u0119du na rozpoczynaj\u0105cy si\u0119 Jego proces beatyfikacyjny. Listy pasterskie naszego przedwojennego Pasterza stanowi\u0105 jeden z najwybitniejszych przyk\u0142ad\u00f3w epistolografii pasterskiej w Polsce. Warto wi\u0119c wraca\u0107 do ich tre\u015bci, szczeg\u00f3lnie w roku jubileuszowym 20 &#8211; lecia beatyfikacji 108 m\u0119czennik\u00f3w, kt\u00f3ra mia\u0142a miejsce na Placu Pi\u0142sudskiego w Warszawie pod przewodnictwem \u015bw. Jana Paw\u0142a II.<\/p>\n<p>Analiza list\u00f3w pasterskich Nowowiejskiego mo\u017ce rzuci\u0107 interesuj\u0105ce \u015bwiat\u0142o nie tylko na zrozumienie osobowo\u015bci Arcybiskupa, ale tak\u017ce na wiele aktualnych problem\u00f3w, przed kt\u00f3rymi staje dzisiaj Ko\u015bci\u00f3\u0142 nie tylko w Polsce.&nbsp;<\/p>\n<p>Dzisiaj Ko\u015bci\u00f3\u0142 prze\u017cywa kryzys. Zreszt\u0105, jak uczy historia, kryzys zawsze by\u0142 obecny w Ko\u015bciele. Nar\u00f3d Wybrany (zapowied\u017a Ko\u015bcio\u0142a) w\u0119druj\u0105c do Ziemi Obiecanej prze\u017cywa\u0142 niejeden k\u0142opot. Pierwszy papie\u017c &#8211; \u015bw. Piotr zapiera\u0142 si\u0119 Jezusa, jeden z aposto\u0142\u00f3w zdradzi\u0142 Jezusa, chrze\u015bcijanie dzielili si\u0119, prze\u017cywali schizmy, w \u015bredniowieczu Ko\u015bci\u00f3\u0142 od kryzysu ratowa\u0142 \u015bw. Franciszek, przyszed\u0142 czas reformacji, wielu rewolucji i wojen.<\/p>\n<p>A co pisa\u0142 b\u0142. abp Antoni Julian Nowowiejski o kryzysie jego czas\u00f3w?&nbsp; W Li\u015bcie pasterskim z 1932 r. pisa\u0142:<em>&#8222;Dw\u00f3ch (&#8230;) rzeczy jakie dzi\u015b ludzko\u015b\u0107 prze\u017cywa, od najdawniejszych czas\u00f3w dzieje nie pami\u0119taj\u0105. Nie pami\u0119taj\u0105 takiego kryzysu, czyli takiej biedy, ale <strong>nie pami\u0119taj\u0105 te\u017c i takiej niewiary, aby cz\u0142owiek tak otwarcie przeciwko swemu Bogu si\u0119 buntowa\u0142 i wprost walczy\u0142 z Bogiem, jak to czyni\u0105 dzisiejsi bezbo\u017cnicy.<\/strong>&#8222;<\/em> (MPP 27\/1932\/ nr 3, s.101). Biskup P\u0142ocki twierdzi\u0142, \u017ce cz\u0142owiek dzisiaj doszed\u0142 do takiego kryzysu, jakiego dot\u0105d nie mia\u0142. G\u0142\u00f3wne \u017ar\u00f3d\u0142o tego upadku widzia\u0142 autor listu w odej\u015bciu od nadprzyrodzonych norm i zasad, kt\u00f3re wpisa\u0142 B\u00f3g w sercach ludzi. Nie\u0142ad w \u017cyciu spo\u0142ecznym i kryzys gospodarczy jest wynikiem odrzucenia norm moralnych.<\/p>\n<p>Drog\u0119 przezwyci\u0119\u017cenia kryzysu Arcybiskup widzia\u0142 w tym, \u017ce &#8222;nale\u017cy wr\u00f3ci\u0107 do Boga i prawa Bo\u017ce wiernie zachowywa\u0107&#8221; (MPP 27\/1932\/ nr 3, s.101). I to jest najlepsze rozwi\u0105zanie na ka\u017cdy kryzys!<\/p>\n<p>Wiadomo, \u017ce z\u0142o w Ko\u015bciele trzeba pot\u0119pi\u0107 i walczy\u0107 z nim. Ko\u015bci\u00f3\u0142 jest z natury swojej i \u015bwi\u0119ty i grzeszny. I je\u017celi ja nie nawracam si\u0119, nie chc\u0119 by\u0107 lepszy i bardziej ludzki, to ma wp\u0142yw na ca\u0142y Ko\u015bci\u00f3\u0142\u2026 moje grzechy i twoje obni\u017caj\u0105 \u015bwi\u0119to\u015b\u0107 Ko\u015bcio\u0142a. Je\u017celi nie czyni\u0119 dobra, nie modl\u0119 si\u0119, nie spowiadam, nie chodz\u0119 na Msze, to b\u0119dzie mniej \u015bwi\u0119to\u015bci w Ko\u015bciele.&nbsp;<\/p>\n<p>Ko\u015bci\u00f3\u0142 budzi sumienia. Jest jak stara matka, kt\u00f3ra stale daje \u017cycie. Diabe\u0142 o tym wie. \u017beby zrazi\u0107 kogo\u015b do Boga, to trzeba zrazi\u0107 najpierw&nbsp; do Ko\u015bcio\u0142a. \u017beby zrazi\u0107 do Ko\u015bcio\u0142a, to trzeba ca\u0142y czas m\u00f3wi\u0107 \u017ale o Nim: w mediach w internecie, mi\u0119dzy sob\u0105. Wsz\u0119dzie z\u0142o, skandale, pedofilie, katole i czarni to z\u0142odzieje: i tak ca\u0142y czas, non stop: to wiadomo, \u017ce kto\u015b uwierzy w ko\u0144cu, \u017ce to prawda\u2026 i tu ma ci\u0119 ju\u017c diabe\u0142! Naplu\u0142 na Ko\u015bci\u00f3\u0142 i zrazi\u0142 do Ko\u015bcio\u0142a. Nie dajmy si\u0119 sprowokowa\u0107! Nie wolno si\u0119 obra\u017ca\u0107 na Ko\u015bci\u00f3\u0142, bo to jest Chrystus, to matka. Je\u015bli kochasz Chrystusa, to pokochasz i Ko\u015bci\u00f3\u0142 \u2013 matk\u0119, a bramy piekielne go nie przemog\u0105\u2026 &#8222;<em>Jezus powiedzia\u0142 Ty jeste\u015b Piotr \u2014 Opoka, i na tej opoce zbu\u00adduj\u0119 <\/em><strong>m\u00f3j Ko\u015bci\u00f3\u0142<\/strong><em>, a bramy pie\u00adkielne go nie prze\u00admog\u0105. (Mat.16;18-19).&nbsp;Ko\u015bci\u00f3\u0142 jest w\u0142asno\u015bci\u0105 Chrystusa (m\u00f3j Ko\u015bci\u00f3\u0142). <\/em>Chrystusa nie ma poza Ko\u015bcio\u0142em tu na ziemi! B\u0142ogos\u0142awieni M\u0119czennicy m\u00f3dlcie si\u0119 za nami!<\/p>\n<p>Czy kochasz Ko\u015bci\u00f3\u0142 m\u00f3j? Jezus pyta dzi\u015b\u2026<\/p>\n<p>&nbsp;<\/p>\n<p>&nbsp;<\/p>\n","protected":false},"excerpt":{"rendered":"<p>Trzydzie\u015bci lat temu mia\u0142em to szcz\u0119\u015bcie studiowa\u0107 listy pasterskie b\u0142. Abpa&nbsp; Antoniego Juliana Nowowiejskiego i napisa\u0107 prac\u0119 magistersk\u0105 pod kierunkiem ks. prof. Henryka Seweryniaka. Temat obronionej pracy na KUL-u brzmi: &#8222;Eklezjologia list\u00f3w pasterskich arcybiskupa Antoniego Juliana Nowowiejskiego&#8221;. Nauczanie Arcybiskupa o Ko\u015bciele i do Ko\u015bcio\u0142a wzbudza\u0142o w tym czasie szczeg\u00f3lne zainteresowanie ze wzgl\u0119du na rozpoczynaj\u0105cy si\u0119 [&hellip;]<\/p>\n","protected":false},"author":1,"featured_media":0,"comment_status":"open","ping_status":"closed","sticky":false,"template":"","format":"standard","meta":{"ngg_post_thumbnail":0},"categories":[1],"tags":[],"_links":{"self":[{"href":"https:\/\/umacieja.net\/blog\/index.php?rest_route=\/wp\/v2\/posts\/4277"}],"collection":[{"href":"https:\/\/umacieja.net\/blog\/index.php?rest_route=\/wp\/v2\/posts"}],"about":[{"href":"https:\/\/umacieja.net\/blog\/index.php?rest_route=\/wp\/v2\/types\/post"}],"author":[{"embeddable":true,"href":"https:\/\/umacieja.net\/blog\/index.php?rest_route=\/wp\/v2\/users\/1"}],"replies":[{"embeddable":true,"href":"https:\/\/umacieja.net\/blog\/index.php?rest_route=%2Fwp%2Fv2%2Fcomments&post=4277"}],"version-history":[{"count":0,"href":"https:\/\/umacieja.net\/blog\/index.php?rest_route=\/wp\/v2\/posts\/4277\/revisions"}],"wp:attachment":[{"href":"https:\/\/umacieja.net\/blog\/index.php?rest_route=%2Fwp%2Fv2%2Fmedia&parent=4277"}],"wp:term":[{"taxonomy":"category","embeddable":true,"href":"https:\/\/umacieja.net\/blog\/index.php?rest_route=%2Fwp%2Fv2%2Fcategories&post=4277"},{"taxonomy":"post_tag","embeddable":true,"href":"https:\/\/umacieja.net\/blog\/index.php?rest_route=%2Fwp%2Fv2%2Ftags&post=4277"}],"curies":[{"name":"wp","href":"https:\/\/api.w.org\/{rel}","templated":true}]}}