{"id":4272,"date":"2019-02-19T21:46:06","date_gmt":"2019-02-19T19:46:06","guid":{"rendered":"http:\/\/umacieja.net\/blog\/?p=4272"},"modified":"2019-02-19T21:46:06","modified_gmt":"2019-02-19T19:46:06","slug":"ziemia-nieswieta","status":"publish","type":"post","link":"https:\/\/umacieja.net\/blog\/?p=4272","title":{"rendered":"Ziemia (nie)\u015awi\u0119ta?"},"content":{"rendered":"<p style=\"text-align: justify;\"><a href=\"http:\/\/umacieja.net\/blog\/wp-content\/uploads\/2019\/02\/DSC04961.jpg\"><img decoding=\"async\" loading=\"lazy\" class=\" wp-image-4273\" src=\"http:\/\/umacieja.net\/blog\/wp-content\/uploads\/2019\/02\/DSC04961.jpg\" alt=\"\" width=\"545\" height=\"362\" srcset=\"https:\/\/umacieja.net\/blog\/wp-content\/uploads\/2019\/02\/DSC04961.jpg 700w, https:\/\/umacieja.net\/blog\/wp-content\/uploads\/2019\/02\/DSC04961-300x199.jpg 300w\" sizes=\"(max-width: 545px) 100vw, 545px\" \/><\/a><br \/>\nMiesi\u0105c temu by\u0142em z pielgrzymk\u0105 w Ziemi \u015awi\u0119tej (nie w Izraelu, ale w Ziemi (nie-\u015awi\u0119tej?). Wi\u0119kszo\u015b\u0107 pielgrzym\u00f3w z Polski odwiedza tak\u017ce Yad Vashem &#8211; czyli Instytut Pami\u0119ci M\u0119czennik\u00f3w i Bohater\u00f3w Holocaustu \u2013 instytut w Izraelu po\u015bwi\u0119cony \u017cydowskim ofiarom Holocaustu, za\u0142o\u017cony w 1953 roku w Jerozolimie na mocy Ustawy o Pami\u0119ci, przyj\u0119tej przez izraelski parlament Kneset. Zlokalizowany jest w Lesie Jerozolimskim na Wzg\u00f3rzu Herzla. Poczu\u0142em si\u0119 tam troch\u0119 jak w Polsce. Wielu Polak\u00f3w zosta\u0142o tam upami\u0119tnionych na tablicach, sadzonych drzewach i pomnikach. To my jako jedyny Nar\u00f3d nie wsp\u00f3\u0142pracowali\u015bmy z Niemcami nazistowskimi w Holokau\u015bcie. I znalaz\u0142o si\u0119 w tych nieludzkich czasach wielu Polak\u00f3w, kt\u00f3rzy ratowali \u017byd\u00f3w, nara\u017caj\u0105c swoje \u017cycie i swoich bliskich! I tak spo\u015br\u00f3d 27.000. &#8222;Sprawiedliwych w\u015br\u00f3d narod\u00f3w \u015bwiata&#8221;, uhonorowanych przez Yad Vashem za ratowanie \u017byd\u00f3w z nara\u017ceniem \u017cycia z Holokaustu, najwi\u0119ksz\u0105 grup\u0119 stanowi\u0105 Polacy \u2013 7.000. Znalaz\u0142em tam tak\u017ce <a href=\"http:\/\/parafiastrzygi.pl\/galeria\/displayimage.php?album=75&amp;pid=7965#top_display_media\">moj\u0105 rodzin\u0119. <\/a><\/p>\n<ul>\n<li style=\"text-align: justify;\">Nie mo\u017cna uog\u00f3lnia\u0107 i zawsze m\u00f3wi\u0107, \u017ce wszyscy, ka\u017cdy itp!<\/li>\n<li style=\"text-align: justify;\">Politycy powinni zadba\u0107 o dobro wsp\u00f3lne, a nie tylko&nbsp; punkty procentowe w wyborach. (<em>Polityka to troska o dobro wsp\u00f3lne<\/em> wg \u015bw. JPII)<\/li>\n<li style=\"text-align: justify;\">Gdy s\u0142uchamy nagra\u0144 o \u015bmierci dzieci \u017cydowskich w Yad Vashem, to wra\u017cenie pozostaje nieciekawe&#8230; Lektor czyta imi\u0119, nazwisko dziecka i gdzie zosta\u0142o zabite. Najcz\u0119\u015bciej pada nazwa naszego kraju, \u017ce w Polsce&#8230; Prawda? Pewnie tak, ale czy to Polacy je zabili? Jako\u015b niewiele tam o nazistowskich Niemcach, kt\u00f3rzy w Polsce znale\u017ali miejsce i czas na zag\u0142ad\u0119 \u017byd\u00f3w. I jak potem wyt\u0142umaczy\u0107 tysi\u0105com dzieci i m\u0142odych ludzi, kt\u00f3rzy odwiedzaj\u0105 Yad Vashem i s\u0142ysz\u0105, \u017ce w zgin\u0119li Polsce&#8230;?! A dzieci szybko rosn\u0105&#8230;<\/li>\n<li style=\"text-align: justify;\"><a href=\"http:\/\/parafiastrzygi.pl\/galeria\/thumbnails.php?album=75&amp;page=7\">Wi\u0119cej zdj\u0119\u0107: <\/a><\/li>\n<li style=\"text-align: justify;\">My Polacy nie jeste\u015bmy zup\u0105 pomidorow\u0105, aby nas wszyscy lubili, ale fakty trzeba zna\u0107, \u017ce ta zupa nie jest najgorsza!<\/li>\n<\/ul>\n<p style=\"text-align: justify;\">&nbsp;<\/p>\n<p>&nbsp;<\/p>\n","protected":false},"excerpt":{"rendered":"<p>Miesi\u0105c temu by\u0142em z pielgrzymk\u0105 w Ziemi \u015awi\u0119tej (nie w Izraelu, ale w Ziemi (nie-\u015awi\u0119tej?). Wi\u0119kszo\u015b\u0107 pielgrzym\u00f3w z Polski odwiedza tak\u017ce Yad Vashem &#8211; czyli Instytut Pami\u0119ci M\u0119czennik\u00f3w i Bohater\u00f3w Holocaustu \u2013 instytut w Izraelu po\u015bwi\u0119cony \u017cydowskim ofiarom Holocaustu, za\u0142o\u017cony w 1953 roku w Jerozolimie na mocy Ustawy o Pami\u0119ci, przyj\u0119tej przez izraelski parlament Kneset. [&hellip;]<\/p>\n","protected":false},"author":1,"featured_media":0,"comment_status":"open","ping_status":"closed","sticky":false,"template":"","format":"standard","meta":{"ngg_post_thumbnail":0},"categories":[1],"tags":[],"_links":{"self":[{"href":"https:\/\/umacieja.net\/blog\/index.php?rest_route=\/wp\/v2\/posts\/4272"}],"collection":[{"href":"https:\/\/umacieja.net\/blog\/index.php?rest_route=\/wp\/v2\/posts"}],"about":[{"href":"https:\/\/umacieja.net\/blog\/index.php?rest_route=\/wp\/v2\/types\/post"}],"author":[{"embeddable":true,"href":"https:\/\/umacieja.net\/blog\/index.php?rest_route=\/wp\/v2\/users\/1"}],"replies":[{"embeddable":true,"href":"https:\/\/umacieja.net\/blog\/index.php?rest_route=%2Fwp%2Fv2%2Fcomments&post=4272"}],"version-history":[{"count":0,"href":"https:\/\/umacieja.net\/blog\/index.php?rest_route=\/wp\/v2\/posts\/4272\/revisions"}],"wp:attachment":[{"href":"https:\/\/umacieja.net\/blog\/index.php?rest_route=%2Fwp%2Fv2%2Fmedia&parent=4272"}],"wp:term":[{"taxonomy":"category","embeddable":true,"href":"https:\/\/umacieja.net\/blog\/index.php?rest_route=%2Fwp%2Fv2%2Fcategories&post=4272"},{"taxonomy":"post_tag","embeddable":true,"href":"https:\/\/umacieja.net\/blog\/index.php?rest_route=%2Fwp%2Fv2%2Ftags&post=4272"}],"curies":[{"name":"wp","href":"https:\/\/api.w.org\/{rel}","templated":true}]}}