{"id":4267,"date":"2019-01-17T21:39:01","date_gmt":"2019-01-17T19:39:01","guid":{"rendered":"http:\/\/umacieja.net\/blog\/?p=4267"},"modified":"2019-01-17T21:39:01","modified_gmt":"2019-01-17T19:39:01","slug":"wielka-orkiestra-nieustajacej-pomocy","status":"publish","type":"post","link":"https:\/\/umacieja.net\/blog\/?p=4267","title":{"rendered":"Wielka Orkiestra Nieustaj\u0105cej Pomocy"},"content":{"rendered":"<p style=\"text-align: justify;\"><a href=\"http:\/\/umacieja.net\/blog\/wp-content\/uploads\/2019\/01\/mbnp.jpg\"><img decoding=\"async\" loading=\"lazy\" class=\"wp-image-4268 aligncenter\" src=\"http:\/\/umacieja.net\/blog\/wp-content\/uploads\/2019\/01\/mbnp.jpg\" alt=\"\" width=\"390\" height=\"511\" srcset=\"https:\/\/umacieja.net\/blog\/wp-content\/uploads\/2019\/01\/mbnp.jpg 611w, https:\/\/umacieja.net\/blog\/wp-content\/uploads\/2019\/01\/mbnp-229x300.jpg 229w\" sizes=\"(max-width: 390px) 100vw, 390px\" \/><\/a><br \/>\nWielka Orkiestra Nieustaj\u0105cej Pomocy gra w Strzygach od ponad 20 lat! Gdy przyby\u0142em do parafii ponad dwa lata temu, pytali mnie parafianie, czy znios\u0119 nabo\u017ce\u0144stwo o Matki Bo\u017cej Nieustaj\u0105cej Pomocy, kt\u00f3re jest odprawiane uroczy\u015bcie w soboty wieczorn\u0105 por\u0105. Dlaczego mia\u0142bym znie\u015b\u0107 &#8211; pyta\u0142em? Przecie\u017c dzieje si\u0119 dobro, jest pomoc nieustaj\u0105ca, ludzie chc\u0105 si\u0119 modli\u0107, ciesz\u0105 si\u0119 sob\u0105 i liczn\u0105 obecno\u015bci\u0105 w \u015bwi\u0105tyni. Nabo\u017ce\u0144stwo trwa dalej, przed nim cz\u0119sto adorujemy Jezusa w Naj\u015bwi\u0119tszym Sakramencie, jest czas na spowied\u017a. Na pocz\u0105tek nabo\u017ce\u0144stwa i na jego koniec gra dos\u0142ownie &#8222;orkiestra&#8221; przy ods\u0142anianiu i zas\u0142anianiu obrazu Matki Boskiej. Przenosimy si\u0119 duchowo na Jasn\u0105 G\u00f3r\u0119 i \u015bpiewamy Apel Jasnog\u00f3rski.&nbsp;<\/p>\n<p style=\"text-align: justify;\">Rok temu w\u0119drowa\u0142a figura Matki Bo\u017cej Fatimskiej i odwiedza\u0142a&nbsp; rodziny w naszej parafii. Mieszka\u0144cy parafii sk\u0142adali dobrowolne ofiary przy tej okazji na r\u00f3\u017cne cele. Mieszka\u0144cy Strzyg z\u0142o\u017cyli ofiar\u0119 na nowy i wi\u0119kszy obraz Matki Bo\u017cej Nieustaj\u0105cej Pomocy, kt\u00f3ry b\u0119dzie zainstalowany w g\u0142\u00f3wnym o\u0142tarzu. Zosta\u0142 ju\u017c napisany &#8211; bo to ikona modlitw\u0105 pisana jest! Wida\u0107 j\u0105 na fotografii powy\u017cej. B\u0119dziemy J\u0105 instalowa\u0107 w lutym.<\/p>\n<p style=\"text-align: justify;\">Zapraszam do grania w naszej Wielkiej Orkiestrze Nieustaj\u0105cej Pomocy, bo to jedyna prawdziwa i nieustaj\u0105ca pomoc na nasze rado\u015bci, jubileusze, nadzieje, problemy, upadki, s\u0142abo\u015bci, grzechy, \u015bmier\u0107, rocznice \u015bmierci i inne problemy. Jest moc i uzdrowienie&nbsp; w Tej naszej&nbsp; Orkiestrze Nieustaj\u0105cej Pomocy. Zach\u0119cam do zapoznania si\u0119 z histori\u0119 tej ikony i jej symboli.<\/p>\n<p style=\"text-align: justify;\">A tak pisa\u0142a o TEJ Ikonie Jej autorka:<\/p>\n<p style=\"text-align: justify;\">&#8222;Pewnego dnia pad\u0142o wyzwanie: <em>\u201eTakie \u0142adne Matki Boskie malujesz, to mo\u017ce by\u015b do naszego ko\u015bcio\u0142a namalowa\u0142a\u2026?\u201d <\/em>Tak du\u017cej (80\u00d760 cm) ikony nie malowa\u0142am jeszcze\u2026 spr\u00f3buj\u0119. Jak nie wyjdzie, to b\u0119dzie w domu wisia\u0142a. Wiele trudu wymaga\u0142a ode mnie, wiele znak\u00f3w zapytania stawia\u0142a odno\u015bnie materia\u0142\u00f3w i sposob\u00f3w wykonania. Tak, \u017ce nieustaj\u0105cej pomocy Jej wzywa\u0142am i Ducha \u015awi\u0119tego. Ikona ta ma bardzo g\u0142\u0119bokie pod\u0142o\u017ce biblijne i warto z nim si\u0119 zapozna\u0107, by wiedzie\u0107 \u201edlaczego tak\u201d. Podaj\u0119 <a href=\"https:\/\/www.mbnp.religia.net\/przeslanie-ikony\/\" target=\"_blank\" rel=\"noopener noreferrer\">odno\u015bnik do interpretacji: tutaj&gt;&gt;<\/a> By przemy\u015ble\u0107 to wszystko potrzeba czasu i nie jednej medytacji\u2026<\/p>\n<div class=\"entrytext\">\n<p>Zdj\u0119cia poni\u017cej przedstawiaj\u0105 dwie wersje: jedna bez korony i ramy (bardziej kojarzy mi si\u0119 z prawos\u0142awiem) i wersja w ramie z koronami (bardziej kojarzy mi si\u0119 z katolicyzmem). Jak wida\u0107 ikona ta \u0142\u0105czy pi\u0119knie te dwie religie. <a href=\"http:\/\/www.ucieszki.com\/wpress\/matka-boza-nieustajacej-pomocy-ikona\/\">Wi\u0119cej tu.<\/a><\/p>\n<p>&nbsp;<\/p>\n<p>&nbsp;<\/p>\n<\/div>\n<p style=\"text-align: justify;\">&nbsp;<\/p>\n","protected":false},"excerpt":{"rendered":"<p>Wielka Orkiestra Nieustaj\u0105cej Pomocy gra w Strzygach od ponad 20 lat! Gdy przyby\u0142em do parafii ponad dwa lata temu, pytali mnie parafianie, czy znios\u0119 nabo\u017ce\u0144stwo o Matki Bo\u017cej Nieustaj\u0105cej Pomocy, kt\u00f3re jest odprawiane uroczy\u015bcie w soboty wieczorn\u0105 por\u0105. Dlaczego mia\u0142bym znie\u015b\u0107 &#8211; pyta\u0142em? Przecie\u017c dzieje si\u0119 dobro, jest pomoc nieustaj\u0105ca, ludzie chc\u0105 si\u0119 modli\u0107, ciesz\u0105 [&hellip;]<\/p>\n","protected":false},"author":1,"featured_media":0,"comment_status":"open","ping_status":"closed","sticky":false,"template":"","format":"standard","meta":{"ngg_post_thumbnail":0},"categories":[1],"tags":[],"_links":{"self":[{"href":"https:\/\/umacieja.net\/blog\/index.php?rest_route=\/wp\/v2\/posts\/4267"}],"collection":[{"href":"https:\/\/umacieja.net\/blog\/index.php?rest_route=\/wp\/v2\/posts"}],"about":[{"href":"https:\/\/umacieja.net\/blog\/index.php?rest_route=\/wp\/v2\/types\/post"}],"author":[{"embeddable":true,"href":"https:\/\/umacieja.net\/blog\/index.php?rest_route=\/wp\/v2\/users\/1"}],"replies":[{"embeddable":true,"href":"https:\/\/umacieja.net\/blog\/index.php?rest_route=%2Fwp%2Fv2%2Fcomments&post=4267"}],"version-history":[{"count":0,"href":"https:\/\/umacieja.net\/blog\/index.php?rest_route=\/wp\/v2\/posts\/4267\/revisions"}],"wp:attachment":[{"href":"https:\/\/umacieja.net\/blog\/index.php?rest_route=%2Fwp%2Fv2%2Fmedia&parent=4267"}],"wp:term":[{"taxonomy":"category","embeddable":true,"href":"https:\/\/umacieja.net\/blog\/index.php?rest_route=%2Fwp%2Fv2%2Fcategories&post=4267"},{"taxonomy":"post_tag","embeddable":true,"href":"https:\/\/umacieja.net\/blog\/index.php?rest_route=%2Fwp%2Fv2%2Ftags&post=4267"}],"curies":[{"name":"wp","href":"https:\/\/api.w.org\/{rel}","templated":true}]}}