{"id":4253,"date":"2018-12-24T09:33:16","date_gmt":"2018-12-24T07:33:16","guid":{"rendered":"http:\/\/umacieja.net\/blog\/?p=4253"},"modified":"2018-12-24T13:07:06","modified_gmt":"2018-12-24T11:07:06","slug":"sen-o-bozym-narodzeniu","status":"publish","type":"post","link":"https:\/\/umacieja.net\/blog\/?p=4253","title":{"rendered":"Sen o Bo\u017cym Narodzeniu"},"content":{"rendered":"<p><a href=\"http:\/\/umacieja.net\/blog\/wp-content\/uploads\/2018\/12\/Bo\u017ce-Narodzenie-2018-1-030.jpg\"><img decoding=\"async\" loading=\"lazy\" class=\"wp-image-4255 aligncenter\" src=\"http:\/\/umacieja.net\/blog\/wp-content\/uploads\/2018\/12\/Bo\u017ce-Narodzenie-2018-1-030-1024x680.jpg\" alt=\"\" width=\"576\" height=\"383\" srcset=\"https:\/\/umacieja.net\/blog\/wp-content\/uploads\/2018\/12\/Bo\u017ce-Narodzenie-2018-1-030-1024x680.jpg 1024w, https:\/\/umacieja.net\/blog\/wp-content\/uploads\/2018\/12\/Bo\u017ce-Narodzenie-2018-1-030-300x199.jpg 300w, https:\/\/umacieja.net\/blog\/wp-content\/uploads\/2018\/12\/Bo\u017ce-Narodzenie-2018-1-030-768x510.jpg 768w\" sizes=\"(max-width: 576px) 100vw, 576px\" \/><\/a><\/p>\n<p>Maryja opowiada m\u0119\u017cowi sw\u00f3j sen: \u201eMia\u0142am sen, J\u00f3zefie. Nie rozumiem go do ko\u0144ca, ale wiem, \u017ce by\u0142 o urodzinach naszego Syna. Ludzie przygotowywali si\u0119 do nich cztery tygodnie. Dekorowali domy i kupowali nowe rzeczy. Przygotowywali dziesi\u0105tki prezent\u00f3w.&nbsp; Ale \u2013 co dziwne \u2013 te prezenty nie by\u0142y dla naszego Syna. Owijali je w kolorowy papier, przewi\u0105zywali z\u0142otymi wst\u0105\u017ckami i sk\u0142adali pod drzewkiem ozdobionym \u015bwiat\u0142ami. Wszystko wygl\u0105da\u0142o tak cudownie. Wszyscy si\u0119 u\u015bmiechali i byli szcz\u0119\u015bliwi. Byli tak podekscytowani prezentami. Wr\u0119czali je sobie wzajemnie. Ale wiesz, J\u00f3zefie, nic nie podarowali naszemu Synowi. Nie pomy\u015bleli o Nim. Nawet nie wspomnieli Jego imienia. Czy nie wydaje Ci si\u0119 dziwne, obchodzi\u0107 czyje\u015b urodziny i zupe\u0142nie nie zwraca\u0107 na niego uwagi? Wszyscy byli rado\u015bni, a mnie chcia\u0142o si\u0119 p\u0142aka\u0107. I Jezus te\u017c by\u0142 smutny. Ca\u0142e szcz\u0119\u015bcie, \u017ce to by\u0142 tylko sen&#8230; &#8222;. By\u0142oby strasznie, gdyby to by\u0142a prawda!<\/p>\n<p>Moje \u017cyczenia \u015bwi\u0105teczne s\u0105 takie: przywr\u00f3\u0107my \u015bwiatu CHRYSTUSA W BO\u017bE NARODZENIE! A tak\u017ce <a href=\"https:\/\/www.youtube.com\/watch?v=w6sLy19GK3w&amp;fbclid=IwAR3RVf2xCzlMdtbam9dVlvVTzt1r8Vkdhq-47Cm0VbkVd25KBQEw-yHlQaw\">trudne \u017cyczenia<\/a> Adama Nowaka i Ani Rusowicz<\/p>\n<p>ps Fotel bujany zaprasza i zach\u0119ca do spowolnienia oraz zadziwienia nad tym, co si\u0119 wydarzy\u0142o w \u00f3wczesn\u0105 Betlejemsk\u0105 noc: <em>&#8222;Gdy jednak nadesz\u0142a pe\u0142nia czasu, zes\u0142a\u0142 B\u00f3g Syna swego, zrodzonego z niewiasty, zrodzonego pod Prawem, aby wykupi\u0142 tych, kt\u00f3rzy podlegali Prawu, aby\u015bmy mogli otrzyma\u0107 przybrane synostwo. Na dow\u00f3d tego, \u017ce jeste\u015bcie synami, B\u00f3g wys\u0142a\u0142 do serc naszych Ducha Syna swego, kt\u00f3ry wo\u0142a: Abba, Ojcze! A zatem nie jeste\u015b ju\u017c niewolnikiem, lecz synem. Je\u017celi za\u015b synem, to i dziedzicem z woli Bo\u017cej.&#8221; <\/em>Ga 4,4-7<em><br \/>\n<\/em><\/p>\n<p><!--more--><\/p>\n","protected":false},"excerpt":{"rendered":"<p>Maryja opowiada m\u0119\u017cowi sw\u00f3j sen: \u201eMia\u0142am sen, J\u00f3zefie. Nie rozumiem go do ko\u0144ca, ale wiem, \u017ce by\u0142 o urodzinach naszego Syna. Ludzie przygotowywali si\u0119 do nich cztery tygodnie. Dekorowali domy i kupowali nowe rzeczy. Przygotowywali dziesi\u0105tki prezent\u00f3w.&nbsp; Ale \u2013 co dziwne \u2013 te prezenty nie by\u0142y dla naszego Syna. Owijali je w kolorowy papier, przewi\u0105zywali [&hellip;]<\/p>\n","protected":false},"author":1,"featured_media":0,"comment_status":"open","ping_status":"closed","sticky":false,"template":"","format":"standard","meta":{"ngg_post_thumbnail":0},"categories":[1],"tags":[],"_links":{"self":[{"href":"https:\/\/umacieja.net\/blog\/index.php?rest_route=\/wp\/v2\/posts\/4253"}],"collection":[{"href":"https:\/\/umacieja.net\/blog\/index.php?rest_route=\/wp\/v2\/posts"}],"about":[{"href":"https:\/\/umacieja.net\/blog\/index.php?rest_route=\/wp\/v2\/types\/post"}],"author":[{"embeddable":true,"href":"https:\/\/umacieja.net\/blog\/index.php?rest_route=\/wp\/v2\/users\/1"}],"replies":[{"embeddable":true,"href":"https:\/\/umacieja.net\/blog\/index.php?rest_route=%2Fwp%2Fv2%2Fcomments&post=4253"}],"version-history":[{"count":0,"href":"https:\/\/umacieja.net\/blog\/index.php?rest_route=\/wp\/v2\/posts\/4253\/revisions"}],"wp:attachment":[{"href":"https:\/\/umacieja.net\/blog\/index.php?rest_route=%2Fwp%2Fv2%2Fmedia&parent=4253"}],"wp:term":[{"taxonomy":"category","embeddable":true,"href":"https:\/\/umacieja.net\/blog\/index.php?rest_route=%2Fwp%2Fv2%2Fcategories&post=4253"},{"taxonomy":"post_tag","embeddable":true,"href":"https:\/\/umacieja.net\/blog\/index.php?rest_route=%2Fwp%2Fv2%2Ftags&post=4253"}],"curies":[{"name":"wp","href":"https:\/\/api.w.org\/{rel}","templated":true}]}}