{"id":4225,"date":"2018-10-20T15:44:46","date_gmt":"2018-10-20T13:44:46","guid":{"rendered":"http:\/\/umacieja.net\/blog\/?p=4225"},"modified":"2018-10-20T15:49:24","modified_gmt":"2018-10-20T13:49:24","slug":"czy-droga-z-rypina-do-brodnicy-przez-strzygi-prowadzi-do-nieba","status":"publish","type":"post","link":"https:\/\/umacieja.net\/blog\/?p=4225","title":{"rendered":"Czy droga z Rypina do Brodnicy przez Strzygi prowadzi do nieba?"},"content":{"rendered":"<p style=\"text-align: justify;\"><a href=\"http:\/\/umacieja.net\/blog\/wp-content\/uploads\/2018\/10\/Ziemia_Swi\u0119ta_07_074.jpg\"><img decoding=\"async\" loading=\"lazy\" class=\"aligncenter size-full wp-image-4226\" src=\"http:\/\/umacieja.net\/blog\/wp-content\/uploads\/2018\/10\/Ziemia_Swi\u0119ta_07_074.jpg\" alt=\"\" width=\"600\" height=\"450\" srcset=\"https:\/\/umacieja.net\/blog\/wp-content\/uploads\/2018\/10\/Ziemia_Swi\u0119ta_07_074.jpg 600w, https:\/\/umacieja.net\/blog\/wp-content\/uploads\/2018\/10\/Ziemia_Swi\u0119ta_07_074-300x225.jpg 300w\" sizes=\"(max-width: 600px) 100vw, 600px\" \/><\/a><\/p>\n<p style=\"text-align: justify;\">Po tragicznej \u015bmierci Patryka media podawa\u0142y m.in.: <em>&#8222;Do tragicznego wypadku dosz\u0142o w Gorczenicy ko\u0142o Brodnicy. Zgin\u0119\u0142a jedna osoba. <\/em>Na pogrzebie<em> z<\/em>apyta\u0142em w obliczu tej tragicznej sytuacji: a mo\u017ce nie zgin\u0119\u0142a, ale odnalaz\u0142a si\u0119? U Boga jest inna logika. B\u00f3g potrafi pisa\u0107 prosto po liniach krzywych. Gdy jestem w domu, to s\u0142ysz\u0119 szum i ryk silnik\u00f3w samochod\u00f3w i motor\u00f3w z pobliskiej trasy &#8211;<span style=\"color: #000000;\"> <a style=\"color: #000000; text-decoration: underline;\" href=\"https:\/\/conadrogach.pl\/droga-wojewodzka\/560\/\">drogi wojew\u00f3dzkiej 560<\/a>.<\/span> Czy droga z Rypina do Brodnicy przez Strzygi prowadzi do nieba?<\/p>\n<p style=\"text-align: justify;\">Przy trumnie Patryka postawi\u0142em te\u017c pytanie, kt\u00f3re postawi\u0142 Jezus Piotrowi: czy kochasz Ko\u015bci\u00f3\u0142 m\u00f3j? Dzisiaj Jezus pyta nas o to samo. M\u00f3j (Jezusa) Ko\u015bci\u00f3\u0142 jest jak stara matka; mo\u017ce nie jest najpi\u0119kniejsza i najmodniejsza, ale niejedno prze\u017cy\u0142a i wie, co jest dobre dla dzieci. Tak si\u0119 zastanawia\u0142em ostatnio pod wp\u0142ywem r\u00f3\u017cnych komentarzy i szemraniny w mediach. Co zrobiliby\u015bmy dzisiaj bez kleru i tych &#8222;czarnych&#8221;, chodz\u0105cych w sutannach i habitach? Ks. Zdzis\u0142aw, ja i franciszkanin Marcin &#8211; o. Sofroniusz &#8211; czyli my kler i my czarni dzisiaj modlimy si\u0119 na pogrzebie Patryka, za chwil\u0119 odprowadzimy go na cmentarz. Wyspowiadali\u015bmy wielu, aby mogli przyj\u0105\u0107 Komuni\u0119. W niedziel\u0119 ochrzci\u0142em Katarzyn\u0119, w sobot\u0119 pob\u0142ogos\u0142awi\u0142em na \u015blubie mi\u0142o\u015bci Magdaleny i Mariusza, ks. Zdzis\u0142aw ju\u017c na emeryturze \u2013 zamiast odpoczywa\u0107, zadba\u0107 o zdrowie, to dalej rozgrzesza w zacienionym konfesjonale pod ch\u00f3rem w Rypinie, dalej odprawia Msze, pogrzeby.<\/p>\n<p style=\"text-align: justify;\">Wspomniany wcze\u015bniej franciszkanin O. Sofroniusz \u2013 nasz ziomek Marcin, gdy dowiedzia\u0142 si\u0119 o tej \u015bmierci, to napisa\u0142 do mnie kilka s\u0142\u00f3w \u2013 wa\u017cnych s\u0142\u00f3w!: \u201e<em>Straszna tragedia z tym Patrykiem, ale miesi\u0105c temu, jak by\u0142em w Strzygach poszli\u015bmy na d\u0142ugi spacer i rozmawiali\u015bmy bardzo d\u0142ugo o \u017cyciu, o przysz\u0142o\u015bci, o Bogu, najwi\u0119cej o Bogu, wyspowiada\u0142em go, odprawi\u0142em za niego msz\u0119, napisa\u0142 mi, \u017ce rozpoczyna nowe \u017cycie, nie chce ju\u017c patrze\u0107 wstecz, chce i\u015b\u0107 z Bogiem do przodu, promieniowa\u0142 rado\u015bci\u0105 i spokojem&#8230;\u201d. Pomaga\u0142em mu w kwestiach wiary, tak by\u0142o od 8 lat jak zosta\u0142em wy\u015bwi\u0119cony, spowiada\u0142 si\u0119 u mnie, o ostatnie spotkanie zrobi\u0142o na mnie wra\u017cenie, poszed\u0142 mocno za Panem Bogiem. Wierz\u0119, \u017ce ta ostatnia rozmowa, spowied\u017a przygotowa\u0142y go na spotkanie z Bogiem&#8230; &#8222;. <\/em>Dzi\u0119ki Marcinie: w imieniu Patryka i Jego bliskich za dobr\u0105 robot\u0119!<em><br \/>\n<\/em><\/p>\n<p style=\"text-align: justify;\">Taki oto mamy kler i takich &#8222;czarnych&#8221;.<\/p>\n<p style=\"text-align: justify;\">Pyta\u0142o wielu: dlaczego B\u00f3g dopu\u015bci\u0142 do tego wypadku? B\u00f3g ma swoje plany i tajemnice, kt\u00f3re mo\u017ce poznamy tam w innym \u2013 lepszym \u015bwiecie. A mo\u017ce to jest w\u0142a\u015bnie zrz\u0105dzenie Bo\u017ce, aby w tym najbardziej odpowiednim momencie ziemskiej w\u0119dr\u00f3wki powo\u0142a\u0107 go do wiecznego \u017cycia\u2026? B\u00f3g nie chce \u015bmierci grzesznika, lecz aby si\u0119 nawr\u00f3ci\u0142 i \u017cy\u0142!<\/p>\n<p style=\"text-align: justify;\">Na pogrzebie by\u0142o wielu m\u0142odych ludzi, kt\u00f3rzy mo\u017ce dawno nie zagl\u0105dali do \u015bwi\u0105tyni. Odeszli? Uwierzyli prowokacjom szatana, kt\u00f3ry naplu\u0142 na Ko\u015bci\u00f3\u0142 i zrazi\u0142 do Ko\u015bcio\u0142a?&nbsp; \u017beby zrazi\u0107 kogo\u015b do Boga, to trzeba zrazi\u0107 najpierw&nbsp; do Ko\u015bcio\u0142a. \u017beby zrazi\u0107 do Ko\u015bcio\u0142a, to trzeba ca\u0142y czas m\u00f3wi\u0107 \u017ale o Nim. Przez 27 lat ks. Zdzis\u0142aw udzieli\u0142 blisko 1000 chrzt\u00f3w, m.in. Patrykowi. Co zrobili\u015bmy z tym sakramentem? Z pierwsz\u0105 spowiedzi\u0105, komuni\u0105, bierzmowaniem\u2026.? Ile pozosta\u0142o wierno\u015bci tym przyrzeczeniom, wypowiadanym s\u0142owom?<\/p>\n<p style=\"text-align: justify;\">\u015aw. Augustyn po d\u0142ugim czasie poszukiwania Boga, pisa\u0142<em>: \u201eStworzy\u0142e\u015b nas ku sobie Panie i nie spokojne jest serce nasze, dop\u00f3ki nie spocznie w Tobie, Panie\u201d. <\/em><a href=\"https:\/\/www.youtube.com\/watch?v=yHzBXTu3Hqw\">Mamy nadziej\u0119, \u017ce Patryk ju\u017c odnalaz\u0142.<\/a><em><br \/>\n<\/em><\/p>\n","protected":false},"excerpt":{"rendered":"<p>Po tragicznej \u015bmierci Patryka media podawa\u0142y m.in.: &#8222;Do tragicznego wypadku dosz\u0142o w Gorczenicy ko\u0142o Brodnicy. Zgin\u0119\u0142a jedna osoba. Na pogrzebie zapyta\u0142em w obliczu tej tragicznej sytuacji: a mo\u017ce nie zgin\u0119\u0142a, ale odnalaz\u0142a si\u0119? U Boga jest inna logika. B\u00f3g potrafi pisa\u0107 prosto po liniach krzywych. Gdy jestem w domu, to s\u0142ysz\u0119 szum i ryk silnik\u00f3w [&hellip;]<\/p>\n","protected":false},"author":1,"featured_media":0,"comment_status":"open","ping_status":"closed","sticky":false,"template":"","format":"standard","meta":{"ngg_post_thumbnail":0},"categories":[1],"tags":[],"_links":{"self":[{"href":"https:\/\/umacieja.net\/blog\/index.php?rest_route=\/wp\/v2\/posts\/4225"}],"collection":[{"href":"https:\/\/umacieja.net\/blog\/index.php?rest_route=\/wp\/v2\/posts"}],"about":[{"href":"https:\/\/umacieja.net\/blog\/index.php?rest_route=\/wp\/v2\/types\/post"}],"author":[{"embeddable":true,"href":"https:\/\/umacieja.net\/blog\/index.php?rest_route=\/wp\/v2\/users\/1"}],"replies":[{"embeddable":true,"href":"https:\/\/umacieja.net\/blog\/index.php?rest_route=%2Fwp%2Fv2%2Fcomments&post=4225"}],"version-history":[{"count":0,"href":"https:\/\/umacieja.net\/blog\/index.php?rest_route=\/wp\/v2\/posts\/4225\/revisions"}],"wp:attachment":[{"href":"https:\/\/umacieja.net\/blog\/index.php?rest_route=%2Fwp%2Fv2%2Fmedia&parent=4225"}],"wp:term":[{"taxonomy":"category","embeddable":true,"href":"https:\/\/umacieja.net\/blog\/index.php?rest_route=%2Fwp%2Fv2%2Fcategories&post=4225"},{"taxonomy":"post_tag","embeddable":true,"href":"https:\/\/umacieja.net\/blog\/index.php?rest_route=%2Fwp%2Fv2%2Ftags&post=4225"}],"curies":[{"name":"wp","href":"https:\/\/api.w.org\/{rel}","templated":true}]}}