{"id":4205,"date":"2018-09-10T10:21:40","date_gmt":"2018-09-10T08:21:40","guid":{"rendered":"http:\/\/umacieja.net\/blog\/?p=4205"},"modified":"2018-09-19T21:13:50","modified_gmt":"2018-09-19T19:13:50","slug":"ojczyzna-kiedy-mysle-2","status":"publish","type":"post","link":"https:\/\/umacieja.net\/blog\/?p=4205","title":{"rendered":"Ojczyzna, kiedy my\u015bl\u0119&#8230;(2)"},"content":{"rendered":"<p style=\"text-align: justify;\"><a href=\"http:\/\/umacieja.net\/blog\/wp-content\/uploads\/2018\/09\/Prz\u00f3d-rok-2019-parafia-\u015bw.-Stanis\u0142awa-BM.jpg\"><img decoding=\"async\" loading=\"lazy\" class=\"wp-image-4206 aligncenter\" src=\"http:\/\/umacieja.net\/blog\/wp-content\/uploads\/2018\/09\/Prz\u00f3d-rok-2019-parafia-\u015bw.-Stanis\u0142awa-BM-683x1024.jpg\" alt=\"\" width=\"362\" height=\"543\" srcset=\"https:\/\/umacieja.net\/blog\/wp-content\/uploads\/2018\/09\/Prz\u00f3d-rok-2019-parafia-\u015bw.-Stanis\u0142awa-BM-683x1024.jpg 683w, https:\/\/umacieja.net\/blog\/wp-content\/uploads\/2018\/09\/Prz\u00f3d-rok-2019-parafia-\u015bw.-Stanis\u0142awa-BM-200x300.jpg 200w, https:\/\/umacieja.net\/blog\/wp-content\/uploads\/2018\/09\/Prz\u00f3d-rok-2019-parafia-\u015bw.-Stanis\u0142awa-BM-768x1152.jpg 768w\" sizes=\"(max-width: 362px) 100vw, 362px\" \/><\/a><\/p>\n<p style=\"text-align: justify;\">Trzy lata po \u015bmierci Marsza\u0142ka J\u00f3zefa Pi\u0142sudskiego (jak wiemy posta\u0107 w polskiej historii wybitna i zarazem kontrowersyjna) mieszka\u0144cy Strzyg postanowili postawi\u0107 pomnik po\u015bwi\u0119cony jego pami\u0119ci. Okazja by\u0142a dobra, bo na okoliczno\u015b\u0107 20 &#8211; lecia odzyskania niepodleg\u0142o\u015bci przez Polsk\u0119. Na \u00f3wczesnym pomniku wypisano: <strong>\u201eObro\u0144cy Ojczyzny, Marsza\u0142kowi J\u00f3zefowi Pi\u0142sudskiemu<\/strong> <strong>spo\u0142ecze\u0144stwo parafii Strzygi.\u201d<\/strong> Pradziadkowie i dziadkowie obecnych mieszka\u0144c\u00f3w parafii, jak wida\u0107, byli patriotami i potrafili zjednoczy\u0107 swoje my\u015bl i dzia\u0142ania. Wida\u0107 to na tym zdj\u0119ciu archiwalnym:<\/p>\n<p><a href=\"http:\/\/umacieja.net\/blog\/wp-content\/uploads\/2018\/09\/Wiosna_2_2018_005.jpg\"><img decoding=\"async\" loading=\"lazy\" class=\"wp-image-4208 aligncenter\" src=\"http:\/\/umacieja.net\/blog\/wp-content\/uploads\/2018\/09\/Wiosna_2_2018_005.jpg\" alt=\"\" width=\"553\" height=\"368\" srcset=\"https:\/\/umacieja.net\/blog\/wp-content\/uploads\/2018\/09\/Wiosna_2_2018_005.jpg 600w, https:\/\/umacieja.net\/blog\/wp-content\/uploads\/2018\/09\/Wiosna_2_2018_005-300x200.jpg 300w\" sizes=\"(max-width: 553px) 100vw, 553px\" \/><\/a><\/p>\n<p style=\"text-align: justify;\">&nbsp;Mo\u017ce kto\u015b rozpozna swoich bliskich? By\u0142 rok 1938 i nikt pewnie wtedy nie s\u0105dzi\u0142, \u017ce za rok przyjad\u0105 do Strzyg Niemcy, zamkn\u0105 ko\u015bci\u00f3\u0142, aresztuj\u0105 ks. Stanis\u0142awa Przyby\u0142owskiego, pochodz\u0105cego z Sumina, zamorduj\u0105 go 2 listopada 1939 roku w Micha\u0142kach. I tak\u017ce pomnik Marsza\u0142ka nie spodoba\u0142 si\u0119 Niemcom: <em>Gdy 8 wrze\u015bnia 1939 roku, po po\u0142udniu wpad\u0142 do wsi oddzia\u0142 niemieckich \u017co\u0142nierzy, ich dow\u00f3dca od razu zwr\u00f3ci\u0142 uwag\u0119 na pomnik marsza\u0142ka. Zawo\u0142a\u0142 so\u0142tysa aby ten przy pomocy okolicznych ch\u0142op\u00f3w \u201edo rana zrobi\u0142 z tym porz\u0105dek\u201d<\/em> &#8211; czytamy w jednym z artyku\u0142\u00f3w Piotra Gr\u0105\u017cawskiego: Artyku\u0142y o pomniku: <a href=\"http:\/\/parafiastrzygi.pl\/czytelnia\/gdzie-jest-marszalek.doc\">\u201eGdzie jest Marsza\u0142ek?\u201d<\/a>, <a href=\"http:\/\/parafiastrzygi.pl\/czytelnia\/jednak-stal-w-strzygach-pomnik-pilsudskiego.doc\">&nbsp;\u201eJednak sta\u0142 w Strzygach pomnik Pi\u0142sudskiego\u201d.<\/a><\/p>\n<p style=\"text-align: justify;\">Podczas wizyty duszpasterskiej u lokalnego przedsi\u0119biorcy i patrioty Pana Daniela Zdziarskiego zauwa\u017cy\u0142em popiersie Marsza\u0142ka Pi\u0142sudskiego, na \u015bcianach obrazy z nim i wiele patriotycznych emblemat\u00f3w. Po rozmowie i wys\u0142uchaniu historii sprzed wojny, rzuci\u0142em has\u0142o, \u017ce mo\u017ce warto na 100 -lecie odzyskania niepodleg\u0142o\u015bci przez Polsk\u0119, przywr\u00f3ci\u0107 pami\u0119\u0107 o J\u00f3zefie Pi\u0142sudskim? Pomys\u0142 przerodzi\u0142 si\u0119 w dzia\u0142anie. Najpierw trzeba by\u0142o: znale\u017a\u0107 odpowiednie miejsce, zrobi\u0107 projekt, uzyska\u0107 zgod\u0119 Biskupa P\u0142ockiego na budow\u0119 pomnika, potem uzgodni\u0107 z Wojew\u00f3dzkim Konserwatorem Zabytk\u00f3w w Toruniu i ze Starostwem Powiatowym w Brodnicy. Zgody i uzgodnienia otrzymali\u015bmy. Parafia da\u0142a dzia\u0142k\u0119 (poza terenem ko\u015bcielnym), koszty budowy pomnika pokry\u0142 Pan Daniel Zdziarski. Dobrzy ludzie z parafii i spoza niej pomagali przy pracach budowlanych i przy otoczeniu pomnika. To wszystko&nbsp; <i><b>pro publico bono! <\/b><\/i>Oczywi\u015bcie zapewne znajd\u0105 si\u0119 wiecznie niezadowoleni i niespe\u0142nieni &#8211; tym polecam<a href=\"http:\/\/umacieja.net\/blog\/?p=4193\"> przeczyta\u0107 wpis. <\/a><\/p>\n<p style=\"text-align: justify;\">Uroczyste ods\u0142oni\u0119cie pomnika Marsza\u0142ka J\u00f3zefa Pi\u0142sudskiego odb\u0119dzie si\u0119 w niedziel\u0119 23 wrze\u015bnia. Rozpoczniemy od poloneza w wykonaniu dzieci z naszej p0arafii o g. 11.30. <strong>O g. 12.00 Ksi\u0105dz Biskup Miros\u0142aw Milewski odprawi Msz\u0119 \u015bw. w intencji Ojczyzny &#8211; dzi\u0119kuj\u0105c Bogu za dar wolno\u015bci oraz o zbawienie \u015bp. J\u00f3zefa Pi\u0142sudskiego. <\/strong>Ods\u0142oni\u0119cie pomnika nast\u0105pi po Mszy \u015bw. ZAPRASZAM WSZYSTKICH, KT\u00d3RZY KOCHAJ\u0104 POLSK\u0118 I POTRAFI\u0104 BY\u0106 RAZEM DLA JEJ DOBRA.<\/p>\n<p style=\"text-align: justify;\" align=\"left\"><em>Ojczyzna, kiedy my\u015bl\u0119, w\u00f3wczas wyra\u017cam siebie i zakorzeniam\u2026 <\/em>pisa\u0142 m\u0142ody Karol Wojty\u0142a. Dla mnie Ojczyzna to miejsce i czas mego \u017cycia, to ludzie, kt\u00f3rych wspominam, a kt\u00f3rzy uczyli mnie m\u00f3wi\u0107 i my\u015ble\u0107, kocha\u0107 i modli\u0107 si\u0119, zadziwia\u0107 si\u0119 i cierpie\u0107. Dzisiaj Ojczyzna moja to zakorzenienie w<strong> TYCH<\/strong>, co walczyli o moj\u0105 niepodleg\u0142o\u015b\u0107: wspominam opowie\u015bci Babci o Cudzie nad Wis\u0142\u0105, dzi\u0119kuj\u0119 Obro\u0144com granic zachodnich i wschodnich z roku 1939, smuc\u0119 si\u0119 ofiar\u0105 Polak\u00f3w z Katynia i spod Monte Cassino, podziwiam szalonych i opuszczonych Warszawskich Powsta\u0144c\u00f3w, modl\u0119 si\u0119 za ofiary komunizmu i za oprawc\u00f3w \u2013 tych co podpisali pakt z diab\u0142em! I wsp\u00f3\u0142czuj\u0119 tym, kt\u00f3rzy nie potrafi\u0105 wyrazi\u0107 dzisiaj mi\u0142o\u015bci do Ojczyzny\u2026<\/p>\n<p style=\"text-align: justify;\" align=\"left\">O czym my\u015blisz, gdy m\u00f3wisz dzisiaj OJCZYZNA\u2026?<\/p>\n","protected":false},"excerpt":{"rendered":"<p>Trzy lata po \u015bmierci Marsza\u0142ka J\u00f3zefa Pi\u0142sudskiego (jak wiemy posta\u0107 w polskiej historii wybitna i zarazem kontrowersyjna) mieszka\u0144cy Strzyg postanowili postawi\u0107 pomnik po\u015bwi\u0119cony jego pami\u0119ci. Okazja by\u0142a dobra, bo na okoliczno\u015b\u0107 20 &#8211; lecia odzyskania niepodleg\u0142o\u015bci przez Polsk\u0119. Na \u00f3wczesnym pomniku wypisano: \u201eObro\u0144cy Ojczyzny, Marsza\u0142kowi J\u00f3zefowi Pi\u0142sudskiemu spo\u0142ecze\u0144stwo parafii Strzygi.\u201d Pradziadkowie i dziadkowie obecnych mieszka\u0144c\u00f3w [&hellip;]<\/p>\n","protected":false},"author":1,"featured_media":0,"comment_status":"open","ping_status":"closed","sticky":false,"template":"","format":"standard","meta":{"ngg_post_thumbnail":0},"categories":[1],"tags":[],"_links":{"self":[{"href":"https:\/\/umacieja.net\/blog\/index.php?rest_route=\/wp\/v2\/posts\/4205"}],"collection":[{"href":"https:\/\/umacieja.net\/blog\/index.php?rest_route=\/wp\/v2\/posts"}],"about":[{"href":"https:\/\/umacieja.net\/blog\/index.php?rest_route=\/wp\/v2\/types\/post"}],"author":[{"embeddable":true,"href":"https:\/\/umacieja.net\/blog\/index.php?rest_route=\/wp\/v2\/users\/1"}],"replies":[{"embeddable":true,"href":"https:\/\/umacieja.net\/blog\/index.php?rest_route=%2Fwp%2Fv2%2Fcomments&post=4205"}],"version-history":[{"count":0,"href":"https:\/\/umacieja.net\/blog\/index.php?rest_route=\/wp\/v2\/posts\/4205\/revisions"}],"wp:attachment":[{"href":"https:\/\/umacieja.net\/blog\/index.php?rest_route=%2Fwp%2Fv2%2Fmedia&parent=4205"}],"wp:term":[{"taxonomy":"category","embeddable":true,"href":"https:\/\/umacieja.net\/blog\/index.php?rest_route=%2Fwp%2Fv2%2Fcategories&post=4205"},{"taxonomy":"post_tag","embeddable":true,"href":"https:\/\/umacieja.net\/blog\/index.php?rest_route=%2Fwp%2Fv2%2Ftags&post=4205"}],"curies":[{"name":"wp","href":"https:\/\/api.w.org\/{rel}","templated":true}]}}