{"id":420,"date":"2011-11-01T18:35:23","date_gmt":"2011-11-01T16:35:23","guid":{"rendered":"http:\/\/www.umacieja.net\/blog\/?p=420"},"modified":"2011-11-02T18:04:09","modified_gmt":"2011-11-02T16:04:09","slug":"tak-mija-chwala-tego-swiata","status":"publish","type":"post","link":"https:\/\/umacieja.net\/blog\/?p=420","title":{"rendered":"Tak mija chwa\u0142a tego \u015bwiata"},"content":{"rendered":"<p><img decoding=\"async\" loading=\"lazy\" class=\"aligncenter\" title=\"Gloria\" src=\"http:\/\/umacieja.net\/galeria\/albums\/userpics\/Lilie_310.jpg\" alt=\"\" width=\"491\" height=\"368\" \/><\/p>\n<p>Wszyscy \u015awi\u0119ci &#8211;<a title=\"JPII\" href=\"http:\/\/www.deon.pl\/religia\/kosciol-i-swiat\/z-zycia-kosciola\/art,7755,na-pokladzie-boeinga-byly-relikwie-jana-pawla-ii.html\"> a w\u015br\u00f3d nich Jan Pawe\u0142 II <\/a>&#8211; posadzili bezpiecznie samolot\u00a0 Polskich Linii Lotniczych LOT Boeing 767 na p\u0142ycie lotniska Ok\u0119cie, gdy nie otworzy\u0142o si\u0119 jego podwozie. Oni to potrafi\u0105! Uratowali ponad 230 os\u00f3b. Dobrze mie\u0107 takich przyjaci\u00f3\u0142&#8230;<a href=\"http:\/\/www.gosc.pl\/doc\/998568.Relikwie-JPII-na-pokladzie-boeinga\">Cud?<\/a><\/p>\n<p>Dzisiaj Uroczysto\u015b\u0107 Wszystkich \u015awi\u0119tych. Znanych i nieznanych. A mo\u017ce bardziej nieznanych&#8230; Oni s\u0105 w\u015br\u00f3d nas. Inaczej. Je\u015bli kto wra\u017cliwy, to czuje ich obecno\u015b\u0107. Podszepn\u0105 co\u015b, obudz\u0105 na czas, nog\u0119 podstawi\u0105, kierunki pomyl\u0105, aby ocali\u0107.<\/p>\n<p>Kiedy\u015b latem by\u0142em na wycieczce z dzie\u0107mi w Warszawie. Zwiedzali\u015bmy Zamek Kr\u00f3lewski, Stare Miasto, Centrum Nauki Kopernik i Cmentarz Pow\u0105zkowski. Wsz\u0119dzie pe\u0142no ludzi, gwar, beztroska, ha\u0142as. Tylko na Pow\u0105zkach jako\u015b tak przytulnie by\u0142o; spokojnie, pokornie, cicho. Tylko ptaki \u0107wierka\u0142y na zielonych ga\u0142\u0105zkach. A\u017c szkoda by\u0142o wychodzi\u0107 z tego miejsca przepe\u0142nionego tajemnic\u0105 tremendum et fascinosum. Czy to normalne, aby dzisiaj cz\u0142owiek czu\u0142 si\u0119 lepiej na cmentarzu ni\u017c na ulicy? Mo\u017ce to ju\u017c przedsionek nieba?<\/p>\n<p>Tak mija chwa\u0142a tego \u015bwiata. Dzisiaj o jeden dzie\u0144 ju\u017c bli\u017cej! Wszyscy \u015awi\u0119ci m\u00f3dlcie si\u0119 za nami&#8230; <iframe width=\"500\" height=\"375\" src=\"https:\/\/www.youtube.com\/embed\/qgG7E3q3Ua4?feature=oembed\" frameborder=\"0\" allow=\"autoplay; encrypted-media\" allowfullscreen><\/iframe><\/p>\n","protected":false},"excerpt":{"rendered":"<p>Wszyscy \u015awi\u0119ci &#8211; a w\u015br\u00f3d nich Jan Pawe\u0142 II &#8211; posadzili bezpiecznie samolot\u00a0 Polskich Linii Lotniczych LOT Boeing 767 na p\u0142ycie lotniska Ok\u0119cie, gdy nie otworzy\u0142o si\u0119 jego podwozie. Oni to potrafi\u0105! Uratowali ponad 230 os\u00f3b. Dobrze mie\u0107 takich przyjaci\u00f3\u0142&#8230;Cud? Dzisiaj Uroczysto\u015b\u0107 Wszystkich \u015awi\u0119tych. Znanych i nieznanych. A mo\u017ce bardziej nieznanych&#8230; Oni s\u0105 w\u015br\u00f3d nas. [&hellip;]<\/p>\n","protected":false},"author":1,"featured_media":0,"comment_status":"open","ping_status":"closed","sticky":false,"template":"","format":"standard","meta":{"ngg_post_thumbnail":0},"categories":[1],"tags":[],"_links":{"self":[{"href":"https:\/\/umacieja.net\/blog\/index.php?rest_route=\/wp\/v2\/posts\/420"}],"collection":[{"href":"https:\/\/umacieja.net\/blog\/index.php?rest_route=\/wp\/v2\/posts"}],"about":[{"href":"https:\/\/umacieja.net\/blog\/index.php?rest_route=\/wp\/v2\/types\/post"}],"author":[{"embeddable":true,"href":"https:\/\/umacieja.net\/blog\/index.php?rest_route=\/wp\/v2\/users\/1"}],"replies":[{"embeddable":true,"href":"https:\/\/umacieja.net\/blog\/index.php?rest_route=%2Fwp%2Fv2%2Fcomments&post=420"}],"version-history":[{"count":0,"href":"https:\/\/umacieja.net\/blog\/index.php?rest_route=\/wp\/v2\/posts\/420\/revisions"}],"wp:attachment":[{"href":"https:\/\/umacieja.net\/blog\/index.php?rest_route=%2Fwp%2Fv2%2Fmedia&parent=420"}],"wp:term":[{"taxonomy":"category","embeddable":true,"href":"https:\/\/umacieja.net\/blog\/index.php?rest_route=%2Fwp%2Fv2%2Fcategories&post=420"},{"taxonomy":"post_tag","embeddable":true,"href":"https:\/\/umacieja.net\/blog\/index.php?rest_route=%2Fwp%2Fv2%2Ftags&post=420"}],"curies":[{"name":"wp","href":"https:\/\/api.w.org\/{rel}","templated":true}]}}