{"id":4179,"date":"2018-07-31T12:05:12","date_gmt":"2018-07-31T10:05:12","guid":{"rendered":"http:\/\/umacieja.net\/blog\/?p=4179"},"modified":"2018-08-01T09:32:40","modified_gmt":"2018-08-01T07:32:40","slug":"cuda-dzieja-sie-wokol-nas","status":"publish","type":"post","link":"https:\/\/umacieja.net\/blog\/?p=4179","title":{"rendered":"Cuda dziej\u0105 si\u0119 wok\u00f3\u0142 nas"},"content":{"rendered":"<p><a href=\"http:\/\/umacieja.net\/blog\/wp-content\/uploads\/2018\/07\/18_07_18_024.jpg\"><img decoding=\"async\" loading=\"lazy\" class=\"size-full wp-image-4180 aligncenter\" src=\"http:\/\/umacieja.net\/blog\/wp-content\/uploads\/2018\/07\/18_07_18_024.jpg\" alt=\"\" width=\"600\" height=\"399\" srcset=\"https:\/\/umacieja.net\/blog\/wp-content\/uploads\/2018\/07\/18_07_18_024.jpg 600w, https:\/\/umacieja.net\/blog\/wp-content\/uploads\/2018\/07\/18_07_18_024-300x200.jpg 300w\" sizes=\"(max-width: 600px) 100vw, 600px\" \/><\/a><\/p>\n<p>Cz\u0119sto spotykamy si\u0119 z powiedzeniami: \u201ecud\u00f3w nie ma\u201d, \u201enie wierz\u0119 w cuda\u201d. Czy jednak naprawd\u0119 nie spotykamy dzisiaj cud\u00f3w? W \u015bwietle nauczania Ko\u015bcio\u0142a <strong>cud jest do\u015bwiadczalnym zmys\u0142ami nadzwyczajnym znakiem mi\u0142o\u015bci Bo\u017cej. Pan B\u00f3g zaprasza przez ten znak do pog\u0142\u0119bienia wiary, ukazuje, \u017ce wci\u0105\u017c trwa Jego pe\u0142en mi\u0142o\u015bci dialog z cz\u0142owiekiem i zapowiada pe\u0142ni\u0119 Kr\u00f3lestwa Bo\u017cego ( z P\u0142ockiego Katechizmu).<br \/>\n<\/strong><\/p>\n<p>Pi\u0119kna i m\u0105dra ta definicja, bo m\u00f3wi o zaproszeniu do kochania, pog\u0142\u0119biania wiary i do dialogowania. Czyta\u0142em niedawno w PK <a href=\"https:\/\/www.przewodnik-katolicki.pl\/Archiwum\/2018\/Przewodnik-Katolicki-24-2018\/Opinie\/Szpital-nie-tylko-polowy\">rozmow\u0119&nbsp; przy rosole <\/a>ks. prof. Henryka Seweryniaka z pani\u0105 redaktor Monik\u0105 o chorobie, \u017cyciu, szpitalu. Spotka\u0142em tam dwa cuda. Jeden, to cud medycyny, kt\u00f3ry zachwyci\u0142 ks. Profesora i w\u0142a\u015bciwie przywr\u00f3ci\u0142 zdrowie i \u017cycie. Drugi cud, to okrzyk wiary i by\u0107 mo\u017ce nawr\u00f3cenie m\u0142odego lekarza: &#8222;<em>I s\u0142ysz\u0119, jak m\u0142ody lekarz m\u00f3wi do asystentki: \u201eTen B\u00f3g to chyba musi istnie\u0107, jak go z tego wyci\u0105gn\u0105\u0142\u201d<strong>. <\/strong><\/em>Cuda dziej\u0105 si\u0119!<em><strong><br \/>\n<\/strong><\/em><\/p>\n<p>Ostatnio wiele do\u015bwiadczyli\u015bmy tych znak\u00f3w mi\u0142o\u015bci Bo\u017cej w naszej wsp\u00f3lnocie parafialnej. Przez ostatnie dwa tygodnie w naszej parafii odbywa\u0142 si\u0119 cud rozmno\u017cenia chleba i dobra.<\/p>\n<p>Stra\u017cacy w D\u0142ugiem i w Strzygach otworzyli swoje remizy na potrzeby zaj\u0119\u0107: <a href=\"http:\/\/parafiastrzygi.pl\/galeria\/thumbnails.php?album=68\">Warsztat\u00f3w Teatralnych<\/a> i <a href=\"http:\/\/parafiastrzygi.pl\/galeria\/thumbnails.php?album=69\">Kostkowych Wakacji<\/a>. Nie musieli otwiera\u0107. To by\u0142 cud.<\/p>\n<p>Pani Sylwia nie musia\u0142a wcale spo\u0142ecznie organizowa\u0107 tych warsztat\u00f3w i&nbsp; p\u00f3\u0142kolonii, bo s\u0105 wakacje i ma zas\u0142u\u017cony odpoczynek od dzieci i szko\u0142y. Nie musia\u0142a z proboszczem chodzi\u0107 po pro\u015bbie, pisa\u0107 i rozlicza\u0107 projekt. Pani Asia swoj\u0105 wymagaj\u0105c\u0105 mi\u0142o\u015bci\u0105 kocha\u0142a te dzieci, przygotowywa\u0142a pyszne posi\u0142ki i sprz\u0105ta\u0142a to, co dzieci nabrudzi\u0142y.&nbsp; I to by\u0142 (y) kolejny(e) cud (a).&nbsp;<\/p>\n<p>Dobrzy ludzie nakarmili, napoili dzieci, kt\u00f3re chcia\u0142y spotyka\u0107 si\u0119 w czasie wolnym i czego\u015b si\u0119 nauczy\u0107, co\u015b prze\u017cy\u0107, gdzie\u015b pojecha\u0107. Podzielili\u015bmy si\u0119 jedzeniem, owocami, napojami, s\u0142odyczami a i mn\u00f3stwo dobra wynie\u015bli\u015bmy. Tak dzieli si\u0119 dobro jak ka\u017cda Eucharystia, kt\u00f3ra jest szko\u0142\u0105 mi\u0142o\u015bci i dawania.<\/p>\n<p>Cud kolejny: czy \u017cniwowanie, nie jest takim cudem rozmno\u017cenia chleba? \u017bniwa ju\u017c prawie zako\u0144czone. W tym roku Pan B\u00f3g pob\u0142ogos\u0142awi\u0142 pracy rolnik\u00f3w w naszych okolicach, mimo panuj\u0105cej suszy. Zebrali wszystko, nie by\u0142o gradobicia i nawa\u0142nic. Czas wi\u0119c przygotowa\u0107 do\u017cynki. B\u0119dziemy dzi\u0119kowa\u0107 za zbo\u017ce, czyli za to, co zebrali\u015bmy \u201ez- Bo\u017cego\u201d obdarowania. To jest Bo\u017cy dar i cud, gdy z jednego, ma\u0142ego ziarenka, powstaje wiele innych. Tym cudem B\u00f3g karmi nasze cia\u0142a i dusze na Eucharystii.<\/p>\n<p>Cudem by\u0142a wieczorna ulewa w sobot\u0119, kt\u00f3ra przerwa\u0142a prace \u017cniwiarzy. Pan B\u00f3g widocznie chcia\u0142 powiedzie\u0107, \u017ce jutro jest niedziela &#8211; Dzie\u0144 Pa\u0144ski, kombajny niech zjad\u0105 z p\u00f3l, bo trzeba p\u00f3j\u015b\u0107 do ko\u015bcio\u0142a i odda\u0107 cze\u015b\u0107 Bogu &#8211; dawcy \u017cycia.&nbsp;<\/p>\n<p>A wcze\u015bniej wzrost ziarna &#8211; czy nie jest Bo\u017cym cudem? Rolnik sieje i zbiera. A co dzieje si\u0119 pomi\u0119dzy sianiem i zbieraniem? Kto\u015b wie?<\/p>\n<p>Jest jeszcze cud oszcz\u0119dno\u015bci. Ewangelia w ostatni\u0105 niedziel\u0119 opowiada\u0142a o cudzie rozmno\u017cenia chleba. Kto\u015b powiedzia\u0142, \u017ce to nie by\u0142 cud&#8230;, \u017ce to te tysi\u0105ce ludzi otworzy\u0142o swoje oszcz\u0119dno\u015bci, zapasy, kanapki, konta i podzieli\u0142o si\u0119&#8230; a mo\u017ce i tak by\u0142o, \u017ce Jezus otworzy\u0142 te kieszenie, portfele i zapasy?<\/p>\n<p>&nbsp;I zawsze pozostanie cudem u\u015bmiech i rado\u015b\u0107 dzieci, kt\u00f3re otrzyma\u0142y czas, m\u0105dro\u015b\u0107, przyja\u017a\u0144, owoce, kanapki, obiady, pielgrzymk\u0119 itp. Cuda si\u0119 dziej\u0105! Naprawd\u0119!<\/p>\n<p>W pierwszy pi\u0105tek miesi\u0105ca sierpnia b\u0119dzie mo\u017cna by\u0107 taki sprawc\u0105 cudu, gdy przyjd\u0105 do nas przed po\u0142udniem pielgrzymi&nbsp; na odpoczynek.&nbsp; Usi\u0105d\u0105 na trawie i b\u0119d\u0105 czeka\u0107 na cud dzielenia si\u0119 chlebem&#8230;<\/p>\n<p>Dzieci wiedz\u0105 lepiej i \u015bpiewaj\u0105 z entuzjazmem nasz <a href=\"https:\/\/www.youtube.com\/watch?v=XQD4TNII6cc\">hymn Kostkowy<\/a><\/p>\n<p>&nbsp;<\/p>\n<p>&nbsp;<\/p>\n<p>&nbsp;<\/p>\n","protected":false},"excerpt":{"rendered":"<p>Cz\u0119sto spotykamy si\u0119 z powiedzeniami: \u201ecud\u00f3w nie ma\u201d, \u201enie wierz\u0119 w cuda\u201d. Czy jednak naprawd\u0119 nie spotykamy dzisiaj cud\u00f3w? W \u015bwietle nauczania Ko\u015bcio\u0142a cud jest do\u015bwiadczalnym zmys\u0142ami nadzwyczajnym znakiem mi\u0142o\u015bci Bo\u017cej. Pan B\u00f3g zaprasza przez ten znak do pog\u0142\u0119bienia wiary, ukazuje, \u017ce wci\u0105\u017c trwa Jego pe\u0142en mi\u0142o\u015bci dialog z cz\u0142owiekiem i zapowiada pe\u0142ni\u0119 Kr\u00f3lestwa Bo\u017cego [&hellip;]<\/p>\n","protected":false},"author":1,"featured_media":0,"comment_status":"open","ping_status":"closed","sticky":false,"template":"","format":"standard","meta":{"ngg_post_thumbnail":0},"categories":[1],"tags":[],"_links":{"self":[{"href":"https:\/\/umacieja.net\/blog\/index.php?rest_route=\/wp\/v2\/posts\/4179"}],"collection":[{"href":"https:\/\/umacieja.net\/blog\/index.php?rest_route=\/wp\/v2\/posts"}],"about":[{"href":"https:\/\/umacieja.net\/blog\/index.php?rest_route=\/wp\/v2\/types\/post"}],"author":[{"embeddable":true,"href":"https:\/\/umacieja.net\/blog\/index.php?rest_route=\/wp\/v2\/users\/1"}],"replies":[{"embeddable":true,"href":"https:\/\/umacieja.net\/blog\/index.php?rest_route=%2Fwp%2Fv2%2Fcomments&post=4179"}],"version-history":[{"count":0,"href":"https:\/\/umacieja.net\/blog\/index.php?rest_route=\/wp\/v2\/posts\/4179\/revisions"}],"wp:attachment":[{"href":"https:\/\/umacieja.net\/blog\/index.php?rest_route=%2Fwp%2Fv2%2Fmedia&parent=4179"}],"wp:term":[{"taxonomy":"category","embeddable":true,"href":"https:\/\/umacieja.net\/blog\/index.php?rest_route=%2Fwp%2Fv2%2Fcategories&post=4179"},{"taxonomy":"post_tag","embeddable":true,"href":"https:\/\/umacieja.net\/blog\/index.php?rest_route=%2Fwp%2Fv2%2Ftags&post=4179"}],"curies":[{"name":"wp","href":"https:\/\/api.w.org\/{rel}","templated":true}]}}