{"id":4143,"date":"2018-06-09T19:36:44","date_gmt":"2018-06-09T17:36:44","guid":{"rendered":"http:\/\/umacieja.net\/blog\/?p=4143"},"modified":"2018-07-22T13:22:13","modified_gmt":"2018-07-22T11:22:13","slug":"szkola-zycia-czy-szalenstwo-kajakowe","status":"publish","type":"post","link":"https:\/\/umacieja.net\/blog\/?p=4143","title":{"rendered":"Szko\u0142a \u017cycia, czy szale\u0144stwo kajakowe?"},"content":{"rendered":"<p><center><a href=\"http:\/\/umacieja.net\/blog\/wp-content\/uploads\/2018\/06\/Kajaki_2_136.jpg\"><img decoding=\"async\" loading=\"lazy\" class=\"wp-image-4144 aligncenter\" src=\"http:\/\/umacieja.net\/blog\/wp-content\/uploads\/2018\/06\/Kajaki_2_136.jpg\" alt=\"\" width=\"534\" height=\"355\" srcset=\"https:\/\/umacieja.net\/blog\/wp-content\/uploads\/2018\/06\/Kajaki_2_136.jpg 600w, https:\/\/umacieja.net\/blog\/wp-content\/uploads\/2018\/06\/Kajaki_2_136-300x200.jpg 300w\" sizes=\"(max-width: 534px) 100vw, 534px\" \/><\/a><\/center>To ju\u017c Karol Wojty\u0142a wiedzia\u0142 w po\u0142owie XX wieku, \u017ce kajak mo\u017ce sta\u0107 si\u0119 narz\u0119dziem ewangelizacji. Dobre pomys\u0142y trzeba na\u015bladowa\u0107. Dlatego od pewnego czasu proponuj\u0119 rodzicom i ich dzieciom przygod\u0119 z kajakiem. Zabieram dzieci te najbardziej gorliwe w S\u0142u\u017cbie Bogu &#8211; w nagrod\u0119&nbsp; za ca\u0142y rok pracy i r\u00f3\u017cnorakiej s\u0142u\u017cby w Ko\u015bciele. Zdecydowana wi\u0119kszo\u015b\u0107 rodzic\u00f3w pop\u0142yn\u0119\u0142a po raz pierwszy w \u017cyciu, nie m\u00f3wi\u0105c o dzieciach. W minionym tygodniu odby\u0142y si\u0119 dwa sp\u0142ywy rzek\u0105 Drw\u0119c\u0105. Wybra\u0142em odcinek stosunkowo \u0142atwy i nied\u0142ugi bacz\u0105c na kondycj\u0119 zw\u0142aszcza dzieci. Ale nie oby\u0142o si\u0119 bez przyg\u00f3d typu powalone drzewa w poprzek rzeki, wiry, g\u0142azy, st\u0142uczki. W sumie sp\u0142yn\u0119\u0142o 48 os\u00f3b.<\/p>\n<p>W tym roku sp\u0142ywa\u0142 z nami nasz wyj\u0105tkowy patron \u015bw. Stanis\u0142aw Kostka. Zaprosili\u015bmy go i uczyli\u015bmy si\u0119 od niego jak by\u0107 dzisiaj rycerzem, bo przecie\u017c on 450 lat temu takim by\u0142. A wiadomo, \u017ce rycerz musi spe\u0142ni\u0107 trzy zadania w swoim \u017cyciu: <strong>prze\u017cy\u0107 przygod\u0119, stoczy\u0107 bitw\u0119 i uratowa\u0107 pi\u0119kno.<\/strong><\/p>\n<p>Taka wodna wyprawa kajakiem nauczy\u0142a nas prze\u017cywa\u0107 \u017cycie jako przygod\u0119 z Bogiem. Pomimo wielu przeszk\u00f3d, wir\u00f3w, pr\u0105d\u00f3w, ska\u0142 podwodnych, niespodziewanych widok\u00f3w, st\u0142uczek, wywrotek,dreszczu emocji, niepewno\u015bci, pop\u0142yni\u0119cia nie tam gdzie si\u0119 chce, to warto dop\u0142yn\u0105\u0107 do celu &#8211; do Przystani Zacisze i we wsp\u00f3lnocie ucieszy\u0107 si\u0119 pieczon\u0105 kie\u0142bask\u0105 (nigdy tak nie smakowa\u0142a!).<\/p>\n<p>Nawet na takim kr\u00f3tkim sp\u0142ywie kajakowym, kt\u00f3ry trwa\u0142 ok. 3 godzin, mo\u017cna stoczy\u0107 wielkie bitwy! Zwyci\u0119\u017cy\u0107 swoje s\u0142abo\u015bci i l\u0119ki. Podziwia\u0142em te wystraszone mamy i nawet ojc\u00f3w, kt\u00f3rych kajak nie chcia\u0142 s\u0142ucha\u0107; jak dzielnie walczyli i nie poddawali si\u0119 przeciwno\u015bciom. A i dzieciaki pokonywa\u0142y swoje strachy, l\u0119ki, niepewno\u015bci. Wielka rado\u015b\u0107 zapanowa\u0142a, gdy uda\u0142o si\u0119 &#8222;wyl\u0105dowa\u0107&#8221; na ziemi. Strach ma zawsze wielkie oczy. Chwa\u0142a zwyci\u0119zcom!<\/p>\n<p>Uratowali\u015bmy tak\u017ce wiele pi\u0119kna i dobra. Ten czas sp\u0119dzony na wodzie i patrzenie na \u015bwiat z innej perspektywy, cisza, szum p\u0142yn\u0105cej wody, \u015bpiew ptak\u00f3w i zapach mi\u0119ty tam rosn\u0105cej to istny raj na ziemi. Wielkie odpr\u0119\u017cenie i zachwyt. Wielu uczestnik\u00f3w by\u0142o zachwyconych tym pi\u0119knem, kt\u00f3re jest tak blisko i kt\u00f3re uda\u0142o si\u0119 odkry\u0107.<\/p>\n<p>A na koniec sp\u0142ywu podszed\u0142 do nas ratownik, kt\u00f3ry p\u0142yn\u0105\u0142 z nami i pokaza\u0142 najlepsz\u0105 polis\u0119 ubezpieczeniow\u0105 &#8211; r\u00f3\u017caniec, kt\u00f3ry wyj\u0105\u0142 z kieszeni.<\/p>\n<p>Gdy zaproponowa\u0142em dzieciom sp\u0142yw kajakowy, niekt\u00f3rzy rodzice zareagowali jak ci bliscy Jezusa z Ewangelii na 1o Niedziel\u0119 Zwyk\u0142\u0105 rok B. &#8222;(&#8230;) wybrali si\u0119 , \u017ceby Go powstrzyma\u0107. M\u00f3wiono bowiem: &#8222;Odszed\u0142 od zmys\u0142\u00f3w&#8221;. Mk 3, 20. M\u00f3wiono w parafii: &#8222;Co za szalony pomys\u0142!&#8221;, &#8222;potopimy si\u0119&#8221;, &#8222;a ja to si\u0119 boj\u0119&#8221;, &#8222;nie umiem p\u0142ywa\u0107&#8221;, &#8222;czy proboszcz odszed\u0142 od zmys\u0142\u00f3w?&#8221;. Niekt\u00f3re dzieci rezygnowa\u0142y, bo nie mia\u0142y z kim p\u0142yn\u0105\u0107.<\/p>\n<p>I tak oto zebra\u0142a si\u0119 <a href=\"http:\/\/parafiastrzygi.pl\/galeria\/thumbnails.php?album=45\">grupa ch\u0119tnych i odwa\u017cnych.<\/a> Pytaj\u0105 si\u0119 teraz, kiedy p\u0142yniemy nast\u0119pnym razem?<\/p>\n<p><center><iframe loading=\"lazy\" width=\"500\" height=\"281\" src=\"https:\/\/www.youtube.com\/embed\/u7v9-mheiVY?feature=oembed\" frameborder=\"0\" allow=\"autoplay; encrypted-media\" allowfullscreen><\/iframe><\/p>\n<p><\/center><\/p>\n","protected":false},"excerpt":{"rendered":"<p>To ju\u017c Karol Wojty\u0142a wiedzia\u0142 w po\u0142owie XX wieku, \u017ce kajak mo\u017ce sta\u0107 si\u0119 narz\u0119dziem ewangelizacji. Dobre pomys\u0142y trzeba na\u015bladowa\u0107. Dlatego od pewnego czasu proponuj\u0119 rodzicom i ich dzieciom przygod\u0119 z kajakiem. Zabieram dzieci te najbardziej gorliwe w S\u0142u\u017cbie Bogu &#8211; w nagrod\u0119&nbsp; za ca\u0142y rok pracy i r\u00f3\u017cnorakiej s\u0142u\u017cby w Ko\u015bciele. Zdecydowana wi\u0119kszo\u015b\u0107 rodzic\u00f3w [&hellip;]<\/p>\n","protected":false},"author":1,"featured_media":0,"comment_status":"open","ping_status":"closed","sticky":false,"template":"","format":"standard","meta":{"ngg_post_thumbnail":0},"categories":[1],"tags":[],"_links":{"self":[{"href":"https:\/\/umacieja.net\/blog\/index.php?rest_route=\/wp\/v2\/posts\/4143"}],"collection":[{"href":"https:\/\/umacieja.net\/blog\/index.php?rest_route=\/wp\/v2\/posts"}],"about":[{"href":"https:\/\/umacieja.net\/blog\/index.php?rest_route=\/wp\/v2\/types\/post"}],"author":[{"embeddable":true,"href":"https:\/\/umacieja.net\/blog\/index.php?rest_route=\/wp\/v2\/users\/1"}],"replies":[{"embeddable":true,"href":"https:\/\/umacieja.net\/blog\/index.php?rest_route=%2Fwp%2Fv2%2Fcomments&post=4143"}],"version-history":[{"count":0,"href":"https:\/\/umacieja.net\/blog\/index.php?rest_route=\/wp\/v2\/posts\/4143\/revisions"}],"wp:attachment":[{"href":"https:\/\/umacieja.net\/blog\/index.php?rest_route=%2Fwp%2Fv2%2Fmedia&parent=4143"}],"wp:term":[{"taxonomy":"category","embeddable":true,"href":"https:\/\/umacieja.net\/blog\/index.php?rest_route=%2Fwp%2Fv2%2Fcategories&post=4143"},{"taxonomy":"post_tag","embeddable":true,"href":"https:\/\/umacieja.net\/blog\/index.php?rest_route=%2Fwp%2Fv2%2Ftags&post=4143"}],"curies":[{"name":"wp","href":"https:\/\/api.w.org\/{rel}","templated":true}]}}