{"id":4128,"date":"2018-04-10T21:19:11","date_gmt":"2018-04-10T19:19:11","guid":{"rendered":"http:\/\/umacieja.net\/blog\/?p=4128"},"modified":"2018-05-13T21:15:03","modified_gmt":"2018-05-13T19:15:03","slug":"miec-swoja-podloge","status":"publish","type":"post","link":"https:\/\/umacieja.net\/blog\/?p=4128","title":{"rendered":"Mie\u0107 swoj\u0105 pod\u0142og\u0119"},"content":{"rendered":"<p><center><a href=\"http:\/\/umacieja.net\/blog\/wp-content\/uploads\/2018\/04\/Pu\u0142tusk_07_045.jpg\"><img decoding=\"async\" loading=\"lazy\" class=\"wp-image-4129 aligncenter\" src=\"http:\/\/umacieja.net\/blog\/wp-content\/uploads\/2018\/04\/Pu\u0142tusk_07_045.jpg\" alt=\"\" width=\"409\" height=\"545\" srcset=\"https:\/\/umacieja.net\/blog\/wp-content\/uploads\/2018\/04\/Pu\u0142tusk_07_045.jpg 450w, https:\/\/umacieja.net\/blog\/wp-content\/uploads\/2018\/04\/Pu\u0142tusk_07_045-225x300.jpg 225w\" sizes=\"(max-width: 409px) 100vw, 409px\" \/><\/a><\/center><br \/>\nPodczas ostatnich Dni Pastoralnych w P\u0142ocku mogli\u015bmy wys\u0142ucha\u0107 ciekawych przed\u0142o\u017ce\u0144 dotycz\u0105cych tematu: \u201eM\u0142odzie\u017c \u2013 Wiara \u2013 Powo\u0142anie\u201d. Notowa\u0142em usilnie my\u015bli prof. dr hab. nauk humanistycznych z Toru\u0144skiego Uniwersytetu Aleksandra Nalaskowskiego. Temat wyk\u0142adu: &#8222;M\u0141ODZIE\u017b NA DRODZE &nbsp;OD SACRUM DO PROFANUM I Z POWROTEM&#8221;<strong>.&nbsp;<\/strong>Dobrze, \u017ce Pedagog zostawi\u0142 sw\u00f3j wyk\u0142ad do poczytania i medytacji Jego sensownych przemy\u015ble\u0144. B\u0119d\u0119 wraca\u0142 cz\u0119sto do tych z\u0142otych my\u015bli Profesora z Torunia. Uczestnicy Dni Pastoralnych byli poruszeni s\u0142owami Wyk\u0142adowcy na sali kinowej m. in., gdy Profesor powiedzia\u0142 o dzisiejszym docenianiu cielesno\u015bci: <em>&#8222;Je\u015bli chce si\u0119 kogo\u015b zniszczy\u0107 to cz\u0119sto wytacza si\u0119 dzia\u0142a cielesne. Tak jest w przypadku zarzut\u00f3w wobec duchownych (ob\u017carstwo, \u201egosposie\u201d, \u201emolestowanie nieletnich\u201d, alkohol),&nbsp; tak jest w codziennej praktyce. \u201eIdziesz z \u017con\u0105 \u2013 pantoflarz, idziesz z m\u0142od\u0105 dziewczyn\u0105 \u2013 to kochanka, idziesz z dwiema dziewczynami &#8211; erotoman i rozpustnik, idziesz z m\u0119\u017cczyzn\u0105 \u2013 homo\u015b, idziesz sam &#8211; onanista, nie idziesz \u2013 widocznie siedzisz za gwa\u0142t\u201d. <\/em>Sapienti sat! Takie mamy czasy, \u017ce cokolwiek i z kimkolwiek, albo i sam zrobisz, to i tak jeste\u015b podejrzany! I je\u015bli chodzi o ksi\u0119\u017cy, to nale\u017cy to podnie\u015b\u0107 do kwadratu &#8211; przynajmniej.<\/p>\n<p>W Wielki Pi\u0105tek s\u0142ucha\u0142em audycji w Tr\u00f3jce po\u015bwi\u0119conej nowemu muzycznemu wydarzeniu :&#8221;Tischner. Mocna nuta&#8221; . Powsta\u0142a niezwyk\u0142a p\u0142yta inspirowana tw\u00f3rczo\u015bci\u0105 ks. prof. J\u00f3zefa Tischnera. S\u0142ucha\u0142em <a href=\"https:\/\/www.polskieradio.pl\/9\/684\/Artykul\/2079223,Zygmunt-Staszczyk-mysl-ks-Tischnera-byla-mi-bliska\">wywiadu z Munkiem (Zygmuntem) Staszczykiem z T.Love. <\/a>Piosenkarz, kt\u00f3ry za\u015bpiewa\u0142 w tym projekcie, m\u00f3wi\u0142 m.in. <em>&#8222;Tak, jestem wierz\u0105cym cz\u0142owiekiem. Nie jestem wzorcowym, mam wzloty i upadki, <strong>ale mam swoj\u0105 pod\u0142og\u0119, po kt\u00f3rej mog\u0119 chodzi\u0107. <\/strong>Ka\u017cda wiara to \u0142aska<strong>, <\/strong>mocuj\u0119 si\u0119 po swojemu. Jestem katolikiem i nigdy si\u0119 tego nie wstydzi\u0142em. Cz\u0142owiek to dusza i cia\u0142o, ci\u0105g\u0142y dylemat jest. Cia\u0142o to szeregowiec, dusza to kapitan i to cia\u0142o zawsze domaga si\u0119 swojego papu. Dzisiaj du\u017co ludzi chodzi smutnych, wr\u0119cz w klinicznej depresji. Ten smutek wynika z braku&nbsp; <strong>w\u0142a\u015bciwej pod\u0142ogi. <\/strong>Nie chc\u0119 nikogo nawraca\u0107, ale zach\u0119cam do zwr\u00f3cenia si\u0119 do &#8230;, ale co tu gada\u0107!&#8221;<\/em><\/p>\n<p>Niedawno pisa\u0142em o m\u0142odym niewierz\u0105cym cz\u0142owieku, kt\u00f3ry obrazi\u0142 si\u0119, \u017ce por\u00f3wna\u0142em go do zwierz\u0119cia. Widocznie zabrak\u0142o mu pod\u0142ogi.&nbsp;I to jest <strong>ta pod\u0142oga<\/strong> Mu\u0144ka Staszczyka! Modlitwa, spowied\u017a, rekolekcje, Msza \u015bw. Dzie\u0144 Pa\u0144ski i jego \u015bwi\u0119towanie, sakramenty, codzienne \u015bwiadectwo chrze\u015bcija\u0144skiego \u017cycia i wiara.&nbsp;Wiara wydaje si\u0119 by\u0107 czym\u015b istotnym i koniecznym, aby zrozumie\u0107 (TAK zrozumie\u0107!) sens \u017cycia, cel naszego w\u0119drowania, b\u00f3l upadk\u00f3w i b\u0142\u0105dzenia.&nbsp;<\/p>\n<p>W kazaniu z Niedzieli Wielkanocnej podzi\u0119kowa\u0142em parafianom i go\u015bciom za 3 wa\u017cne wydarzenia z Wielkiej Soboty:&nbsp; &#8211; 1) za pod\u0142og\u0119 zabrudzon\u0105 w ko\u015bciele, 2) za to, \u017ce og\u0142uch\u0142em na prawe ucho od ilo\u015bci spowiedzi, 3) za to, \u017ce bol\u0105 mnie r\u0119ce od rozdawania Komunii!&nbsp;<\/p>\n<p>Wa\u017cne, aby mie\u0107 swoj\u0105 pod\u0142og\u0119 (nawet zabrudzon\u0105), mimo wszystko, co inni powiedz\u0105&#8230; Wa\u017cne, \u017ce r\u0119ce bol\u0105 i uszy g\u0142uchn\u0105.<\/p>\n<p><a href=\"https:\/\/wpolityce.pl\/polityka\/169982-mocne-swiadectwo-munka-staszczyka-w-kosciele-poczulem-milosc-i-wsparcie-wczesniej-sie-smialem-z-rozanca-ze-to-zabobon-a-teraz-jestem-pierwszy-do-niego\">Polecam te\u017c do przeczytania<\/a>&nbsp;<\/p>\n","protected":false},"excerpt":{"rendered":"<p>Podczas ostatnich Dni Pastoralnych w P\u0142ocku mogli\u015bmy wys\u0142ucha\u0107 ciekawych przed\u0142o\u017ce\u0144 dotycz\u0105cych tematu: \u201eM\u0142odzie\u017c \u2013 Wiara \u2013 Powo\u0142anie\u201d. Notowa\u0142em usilnie my\u015bli prof. dr hab. nauk humanistycznych z Toru\u0144skiego Uniwersytetu Aleksandra Nalaskowskiego. Temat wyk\u0142adu: &#8222;M\u0141ODZIE\u017b NA DRODZE &nbsp;OD SACRUM DO PROFANUM I Z POWROTEM&#8221;.&nbsp;Dobrze, \u017ce Pedagog zostawi\u0142 sw\u00f3j wyk\u0142ad do poczytania i medytacji Jego sensownych przemy\u015ble\u0144. B\u0119d\u0119 [&hellip;]<\/p>\n","protected":false},"author":1,"featured_media":0,"comment_status":"open","ping_status":"closed","sticky":false,"template":"","format":"standard","meta":{"ngg_post_thumbnail":0},"categories":[1],"tags":[],"_links":{"self":[{"href":"https:\/\/umacieja.net\/blog\/index.php?rest_route=\/wp\/v2\/posts\/4128"}],"collection":[{"href":"https:\/\/umacieja.net\/blog\/index.php?rest_route=\/wp\/v2\/posts"}],"about":[{"href":"https:\/\/umacieja.net\/blog\/index.php?rest_route=\/wp\/v2\/types\/post"}],"author":[{"embeddable":true,"href":"https:\/\/umacieja.net\/blog\/index.php?rest_route=\/wp\/v2\/users\/1"}],"replies":[{"embeddable":true,"href":"https:\/\/umacieja.net\/blog\/index.php?rest_route=%2Fwp%2Fv2%2Fcomments&post=4128"}],"version-history":[{"count":0,"href":"https:\/\/umacieja.net\/blog\/index.php?rest_route=\/wp\/v2\/posts\/4128\/revisions"}],"wp:attachment":[{"href":"https:\/\/umacieja.net\/blog\/index.php?rest_route=%2Fwp%2Fv2%2Fmedia&parent=4128"}],"wp:term":[{"taxonomy":"category","embeddable":true,"href":"https:\/\/umacieja.net\/blog\/index.php?rest_route=%2Fwp%2Fv2%2Fcategories&post=4128"},{"taxonomy":"post_tag","embeddable":true,"href":"https:\/\/umacieja.net\/blog\/index.php?rest_route=%2Fwp%2Fv2%2Ftags&post=4128"}],"curies":[{"name":"wp","href":"https:\/\/api.w.org\/{rel}","templated":true}]}}