{"id":4116,"date":"2018-03-28T20:44:54","date_gmt":"2018-03-28T18:44:54","guid":{"rendered":"http:\/\/umacieja.net\/blog\/?p=4116"},"modified":"2018-05-13T21:16:10","modified_gmt":"2018-05-13T19:16:10","slug":"kiedy-jest-wiara","status":"publish","type":"post","link":"https:\/\/umacieja.net\/blog\/?p=4116","title":{"rendered":"Kiedy jest wiara?"},"content":{"rendered":"<p><center><a href=\"http:\/\/umacieja.net\/blog\/wp-content\/uploads\/2018\/03\/Tatry_09_15_167.jpg\"><img decoding=\"async\" loading=\"lazy\" class=\"wp-image-4117 aligncenter\" src=\"http:\/\/umacieja.net\/blog\/wp-content\/uploads\/2018\/03\/Tatry_09_15_167.jpg\" alt=\"\" width=\"583\" height=\"387\" srcset=\"https:\/\/umacieja.net\/blog\/wp-content\/uploads\/2018\/03\/Tatry_09_15_167.jpg 600w, https:\/\/umacieja.net\/blog\/wp-content\/uploads\/2018\/03\/Tatry_09_15_167-300x199.jpg 300w\" sizes=\"(max-width: 583px) 100vw, 583px\" \/><\/a><\/center><br \/>\nKilka dni temu podszed\u0142 do mnie po pogrzebie m\u0142ody m\u0119\u017cczyzna i poprosi\u0142 o rozmow\u0119. Obrazi\u0142 mnie ksi\u0105dz dzi\u015b na kazaniu pogrzebowym &#8211; twierdzi m\u0119\u017cczyzna. To przepraszam bardzo &#8211; odpowiadam i pytam czym? Rozm\u00f3wca twierdzi, \u017ce por\u00f3wna\u0142em go do zwierz\u0105t. Jak to &#8211; pytam? Bo prosz\u0119 ksi\u0119dza ja jestem niewierz\u0105cy, a ksi\u0105dz m\u00f3wi\u0142, \u017ce tylko cz\u0142owiek potrafi si\u0119 modli\u0107. A zwierz\u0119ta nie modl\u0105 si\u0119&#8230;! No tak jest. Mamy cia\u0142o podobne do zwierz\u0119cego i tylko ludzie potrafi\u0105 my\u015ble\u0107, marzy\u0107, mie\u0107 nadzieje, kocha\u0107 i modli\u0107 si\u0119. Bez modlitwy, Mszy \u015bwi\u0119tej, spowiedzi, sakrament\u00f3w, rekolekcji, adoracji cz\u0142owiek zdziczeje! Mo\u017ce sta\u0107 si\u0119 zwierz\u0119ciem.<\/p>\n<p>Wchodzimy w czas najwa\u017cniejszych \u015awi\u0105t chrze\u015bcija\u0144skich &#8211; Triduum Paschalnego i wiara wydaje si\u0119 by\u0107 czym\u015b istotnym i koniecznym, aby zrozumie\u0107 (TAK zrozumie\u0107!) sens \u017cycia, cel naszego w\u0119drowania, b\u00f3l upadk\u00f3w i b\u0142\u0105dzenia.&nbsp;<\/p>\n<p>Lubi\u0119 chodzi\u0107 po g\u00f3rach. Nauczyli mnie tego moi Rodzice i ks. J\u00f3zef Szczeci\u0144ski (Prefekt i Dyrektor NSD), kt\u00f3ry w LO im. \u015bw. Stanis\u0142awa Kostki w P\u0142ocku w latach osiemdziesi\u0105tych minionego wieku wyci\u0105ga\u0142 nas w g\u00f3ry. Ju\u017c wtedy potrafi\u0142 nas nastolatk\u00f3w zach\u0119ci\u0107 do tego, aby\u015bmy zmieniali kanap\u0119 na buty wyczynowe! W\u0119drowali\u015bmy przed siebie, bez zaplanowanych nocleg\u00f3w w wygodnych hotelach, z namiotami w r\u0119ku i z plecakami na ramionach. W\u0119drowali\u015bmy po polskich g\u00f3rach i gdzie noc nas zasta\u0142a tam rozbijali\u015bmy namioty. Czasem nie by\u0142o co je\u015b\u0107. Nawet chleba brakowa\u0142o w sklepach. Deszcze, ani kamienie na \u015bcie\u017ckach nie przeszkadza\u0142y w rado\u015bci zdobywania kolejnych szczyt\u00f3w! Mieli\u015bmy wiar\u0119 i rado\u015b\u0107 z niej p\u0142yn\u0105c\u0105.<\/p>\n<p>A kiedy jest wiara?&nbsp;Pytamy dzi\u015b w ten zimny, marcowy czas wielkopostny. Z odpowiedzi\u0105 przychodzi mi wiersz Czes\u0142awa Mi\u0142osza <a href=\"https:\/\/www.youtube.com\/watch?v=RbAlZ4et3PI\">&#8222;Wiara&#8221;<\/a>:&nbsp;<\/p>\n<p><em><span style=\"font-family: 'Helvetica CE';\">Wiara jest wtedy, kiedy kto\u015b zobaczy<br \/>\nListek na wodzie albo kropl\u0119 rosy<br \/>\nI wie, \u017ce one s\u0105 &#8212; bo s\u0105 konieczne.<br \/>\nCho\u0107by si\u0119 oczy zamkn\u0119\u0142o, marzy\u0142o,<br \/>\nNa \u015bwiecie b\u0119dzie tylko to, co by\u0142o,<br \/>\nA li\u015b\u0107 unios\u0105 dalej wody rzeczne.<\/span><\/em><\/p>\n<p><em><span style=\"font-family: 'Helvetica CE';\">Wiara jest tak\u017ce, je\u017celi kto\u015b zrani<br \/>\nNog\u0119 kamieniem i wie, \u017ce kamienie<br \/>\nS\u0105 po to, \u017ceby nogi nam rani\u0142y.<br \/>\nPatrzcie, jak drzewo rzuca d\u0142ugie cienie,<br \/>\nI nasz, i kwiat\u00f3w cie\u0144 pada na ziemi\u0119:<br \/>\n<\/span><span style=\"font-family: 'Helvetica CE';\">Co nie ma cienia, istnie\u0107 nie ma si\u0142y.&nbsp;<\/span><\/em><b><span style=\"font-family: 'Helvetica CE';\"><br \/>\n<\/span><\/b><\/p>\n<p>Wiara jest <strong>trudn\u0105 \u0142ask\u0105<\/strong>, zawsze boli i rani jak te kamienie w g\u00f3rach. Trzeba j\u0105 ci\u0105gle zdobywa\u0107 i j\u0105 pomna\u017ca\u0107, troszczy\u0107 si\u0119 o ni\u0105, piel\u0119gnowa\u0107, uprawia\u0107, podlewa\u0107, nawozi\u0107 &#8211; a ludzie na wsi powinni to zna\u0107 i umie\u0107. Wszak to czyni\u0105 ze swoj\u0105 ziemi\u0105&#8230;<\/p>\n<p>Na ten czas \u015awi\u0105teczny \u017cycz\u0119 Wszystkim, zagl\u0105daj\u0105cym tu, wiary, kt\u00f3ra boli! M\u0142odemu cz\u0142owiekowi obieca\u0142em modlitw\u0119 i powiedzia\u0142em mu, \u017ce on wcale nie jest nie wierz\u0105cy. Zabola\u0142a go jego nie (wiara&#8230;?). Mo\u017ce nie wiedzia\u0142, \u017ce kamienie s\u0105 po to, aby nam nogi rani\u0142y, mo\u017ce nie mia\u0142 cienia&#8230;?<\/p>\n","protected":false},"excerpt":{"rendered":"<p>Kilka dni temu podszed\u0142 do mnie po pogrzebie m\u0142ody m\u0119\u017cczyzna i poprosi\u0142 o rozmow\u0119. Obrazi\u0142 mnie ksi\u0105dz dzi\u015b na kazaniu pogrzebowym &#8211; twierdzi m\u0119\u017cczyzna. To przepraszam bardzo &#8211; odpowiadam i pytam czym? Rozm\u00f3wca twierdzi, \u017ce por\u00f3wna\u0142em go do zwierz\u0105t. Jak to &#8211; pytam? Bo prosz\u0119 ksi\u0119dza ja jestem niewierz\u0105cy, a ksi\u0105dz m\u00f3wi\u0142, \u017ce tylko cz\u0142owiek [&hellip;]<\/p>\n","protected":false},"author":1,"featured_media":0,"comment_status":"open","ping_status":"closed","sticky":false,"template":"","format":"standard","meta":{"ngg_post_thumbnail":0},"categories":[1],"tags":[],"_links":{"self":[{"href":"https:\/\/umacieja.net\/blog\/index.php?rest_route=\/wp\/v2\/posts\/4116"}],"collection":[{"href":"https:\/\/umacieja.net\/blog\/index.php?rest_route=\/wp\/v2\/posts"}],"about":[{"href":"https:\/\/umacieja.net\/blog\/index.php?rest_route=\/wp\/v2\/types\/post"}],"author":[{"embeddable":true,"href":"https:\/\/umacieja.net\/blog\/index.php?rest_route=\/wp\/v2\/users\/1"}],"replies":[{"embeddable":true,"href":"https:\/\/umacieja.net\/blog\/index.php?rest_route=%2Fwp%2Fv2%2Fcomments&post=4116"}],"version-history":[{"count":0,"href":"https:\/\/umacieja.net\/blog\/index.php?rest_route=\/wp\/v2\/posts\/4116\/revisions"}],"wp:attachment":[{"href":"https:\/\/umacieja.net\/blog\/index.php?rest_route=%2Fwp%2Fv2%2Fmedia&parent=4116"}],"wp:term":[{"taxonomy":"category","embeddable":true,"href":"https:\/\/umacieja.net\/blog\/index.php?rest_route=%2Fwp%2Fv2%2Fcategories&post=4116"},{"taxonomy":"post_tag","embeddable":true,"href":"https:\/\/umacieja.net\/blog\/index.php?rest_route=%2Fwp%2Fv2%2Ftags&post=4116"}],"curies":[{"name":"wp","href":"https:\/\/api.w.org\/{rel}","templated":true}]}}