{"id":411,"date":"2011-10-28T22:03:42","date_gmt":"2011-10-28T20:03:42","guid":{"rendered":"http:\/\/www.umacieja.net\/blog\/?p=411"},"modified":"2011-10-28T23:22:02","modified_gmt":"2011-10-28T21:22:02","slug":"kosciol-naszym-domem","status":"publish","type":"post","link":"https:\/\/umacieja.net\/blog\/?p=411","title":{"rendered":"Ko\u015bci\u00f3\u0142 naszym domem?"},"content":{"rendered":"<p><img decoding=\"async\" loading=\"lazy\" class=\"aligncenter\" title=\"ko\u015bci\u00f3\u0142\" src=\"http:\/\/umacieja.net\/galeria\/albums\/userpics\/Dulsk_preparatio_bis_146.jpg\" alt=\"\" width=\"492\" height=\"369\" \/><\/p>\n<p>Dzisiaj z klas\u0105 pierwsz\u0105 na lekcji poszli\u015bmy do naszej \u015bwi\u0105tyni. Obieca\u0142em im, \u017ce kiedy\u015b p\u00f3jdziemy na wycieczk\u0119 do ko\u015bcio\u0142a, aby go dok\u0142adnie pozna\u0107, dotkn\u0105\u0107, posmakowa\u0107, poczu\u0107&#8230; Pogoda si\u0119 nadarzy\u0142a prawie letnia. W najbli\u017csz\u0105 niedziel\u0119 b\u0119dziemy Bogu dzi\u0119kowa\u0107 za nasze lokalne ko\u015bcio\u0142y. Na lekcji omawiali\u015bmy ju\u017c najwa\u017cniejsze miejsca w ko\u015bciele. Wi\u0119c idziemy do \u015bwi\u0105tyni z nadziej\u0105 naszej parafii, bo w klasie pierwszej jest a\u017c 13 uczni\u00f3w &#8211; wi\u0119c chyba nam szko\u0142y nie zamkn\u0105&#8230;?<\/p>\n<p>Pokazuj\u0119 dzieciom tabernakulum, konfesjona\u0142, chrzcielnic\u0119, o\u0142tarze, sedes (sic!), ambon\u0119, ch\u00f3r, krucht\u0119, feretrony. Dzieci dzwoni\u0105 dzwonkami, gongiem, przymierzaj\u0105 si\u0119 do zaszczytnego bycia lektorem czy\u00a0 ministrantem. Obchodzimy o\u0142tarz, wchodzimy na ambon\u0119 i ch\u0142opiec po zej\u015bciu z niej (a w\u0142a\u015bciwie zjechaniu&#8230;) wo\u0142a: &#8222;ale czad, na maksa, ja tu chc\u0119 zamieszka\u0107&#8230;&#8221;<\/p>\n<p>No i co tu doda\u0107&#8230; Mo\u017ce warto zapyta\u0107, czy Tw\u00f3j ko\u015bci\u00f3\u0142 jest Twoim domem? Czy m\u00f3g\u0142by\u015b w nim zamieszka\u0107 na sta\u0142e..? Czy tylko od czasu do czasu, aby pokaza\u0107 si\u0119?<\/p>\n<p>W domu si\u0119 mieszka, czuje si\u0119 dobrze i bezpiecznie. Dom jest azylem. Ucieczk\u0105.<a title=\"adoracja\" href=\"http:\/\/ekai.pl\/wydarzenia\/temat_dnia\/x47204\/przyszlosc-kosciola-rozstrzygnie-sie-na-adoracji\/\"> Przysz\u0142o\u015b\u0107 Ko\u015bcio\u0142a rozstrzygnie si\u0119 na adoracji<\/a>.<\/p>\n<p>Dlatego dzi\u0119kuj\u0119 wszystkim, kt\u00f3rzy w pa\u017adzierniku przychodzili na pi\u0105tkowe wieczorne adoracje rodzinne i r\u00f3\u017ca\u0144cowe. Zape\u0142nili\u015bmy nasz dom: ko\u015bci\u00f3\u0142 parafialny. Zamieszkali\u015bmy w nim. Poczuli\u015bmy wo\u0144 mi\u0142o\u015bci: modlitwy, adoracji, r\u00f3\u017ca\u0144ca, kadzid\u0142a, medytacji, przebaczenia. To jest droga Ko\u015bcio\u0142a, kt\u00f3rego bramy piek\u0142a nie przemog\u0105, a c\u00f3\u017c m\u00f3wi\u0107 o panu P. i jego &#8222;palikoturbanach&#8221;&#8230; Bezdomni, zagubieni, biedni ludzie!<\/p>\n<p>S\u0105 na \u015bwiecie ludzie i taborety&#8230; Masz sw\u00f3j dom? Wiesz dok\u0105d i\u015b\u0107, aby zamieszka\u0107? W kim, w czy mieszkasz? I nie b\u0105d\u017a taboretem!<\/p>\n<p>&nbsp;<\/p>\n","protected":false},"excerpt":{"rendered":"<p>Dzisiaj z klas\u0105 pierwsz\u0105 na lekcji poszli\u015bmy do naszej \u015bwi\u0105tyni. Obieca\u0142em im, \u017ce kiedy\u015b p\u00f3jdziemy na wycieczk\u0119 do ko\u015bcio\u0142a, aby go dok\u0142adnie pozna\u0107, dotkn\u0105\u0107, posmakowa\u0107, poczu\u0107&#8230; Pogoda si\u0119 nadarzy\u0142a prawie letnia. W najbli\u017csz\u0105 niedziel\u0119 b\u0119dziemy Bogu dzi\u0119kowa\u0107 za nasze lokalne ko\u015bcio\u0142y. Na lekcji omawiali\u015bmy ju\u017c najwa\u017cniejsze miejsca w ko\u015bciele. Wi\u0119c idziemy do \u015bwi\u0105tyni z nadziej\u0105 [&hellip;]<\/p>\n","protected":false},"author":1,"featured_media":0,"comment_status":"open","ping_status":"closed","sticky":false,"template":"","format":"standard","meta":{"ngg_post_thumbnail":0},"categories":[1],"tags":[],"_links":{"self":[{"href":"https:\/\/umacieja.net\/blog\/index.php?rest_route=\/wp\/v2\/posts\/411"}],"collection":[{"href":"https:\/\/umacieja.net\/blog\/index.php?rest_route=\/wp\/v2\/posts"}],"about":[{"href":"https:\/\/umacieja.net\/blog\/index.php?rest_route=\/wp\/v2\/types\/post"}],"author":[{"embeddable":true,"href":"https:\/\/umacieja.net\/blog\/index.php?rest_route=\/wp\/v2\/users\/1"}],"replies":[{"embeddable":true,"href":"https:\/\/umacieja.net\/blog\/index.php?rest_route=%2Fwp%2Fv2%2Fcomments&post=411"}],"version-history":[{"count":0,"href":"https:\/\/umacieja.net\/blog\/index.php?rest_route=\/wp\/v2\/posts\/411\/revisions"}],"wp:attachment":[{"href":"https:\/\/umacieja.net\/blog\/index.php?rest_route=%2Fwp%2Fv2%2Fmedia&parent=411"}],"wp:term":[{"taxonomy":"category","embeddable":true,"href":"https:\/\/umacieja.net\/blog\/index.php?rest_route=%2Fwp%2Fv2%2Fcategories&post=411"},{"taxonomy":"post_tag","embeddable":true,"href":"https:\/\/umacieja.net\/blog\/index.php?rest_route=%2Fwp%2Fv2%2Ftags&post=411"}],"curies":[{"name":"wp","href":"https:\/\/api.w.org\/{rel}","templated":true}]}}