{"id":4101,"date":"2018-03-08T22:57:38","date_gmt":"2018-03-08T20:57:38","guid":{"rendered":"http:\/\/umacieja.net\/blog\/?p=4101"},"modified":"2018-05-13T21:16:42","modified_gmt":"2018-05-13T19:16:42","slug":"ludzka-przewrotnosc","status":"publish","type":"post","link":"https:\/\/umacieja.net\/blog\/?p=4101","title":{"rendered":"Ile kosztuje Msza \u015bwi\u0119ta?"},"content":{"rendered":"<p><center><a href=\"http:\/\/umacieja.net\/blog\/wp-content\/uploads\/2018\/03\/Gr\u00f3b_Pa\u0144ski_2012_067.jpg\"><img decoding=\"async\" loading=\"lazy\" class=\"wp-image-4102 aligncenter\" src=\"http:\/\/umacieja.net\/blog\/wp-content\/uploads\/2018\/03\/Gr\u00f3b_Pa\u0144ski_2012_067.jpg\" alt=\"\" width=\"519\" height=\"344\" srcset=\"https:\/\/umacieja.net\/blog\/wp-content\/uploads\/2018\/03\/Gr\u00f3b_Pa\u0144ski_2012_067.jpg 600w, https:\/\/umacieja.net\/blog\/wp-content\/uploads\/2018\/03\/Gr\u00f3b_Pa\u0144ski_2012_067-300x199.jpg 300w\" sizes=\"(max-width: 519px) 100vw, 519px\" \/><\/a><\/center><br \/>\n\u015awiat dzisiejszy jest przepe\u0142niony fake newsami, manipulacjami, p\u00f3\u0142prawdami. W minion\u0105 \u015brod\u0119, jak podczas ka\u017cdej audiencji generalnej, Franciszek wyg\u0142osi\u0142 katechez\u0119 dotycz\u0105c\u0105 Eucharystii. Portale Internetowe i&nbsp; \u015brodki masowego przekazu podawa\u0142y jak oszala\u0142e, \u017ce Ojciec \u015awi\u0119ty naucza, i\u017c za Msz\u0119 \u015bwi\u0119t\u0105 nie trzeba p\u0142aci\u0107! A gdy Franciszek naucza, \u017ce Niedziela to Dzie\u0144 Pa\u0144ski i trzeba go \u015bwi\u0119towa\u0107 (nie pracowa\u0107 i nie robi\u0107 zakup\u00f3w), \u017ce aborcja to zab\u00f3jstwo, \u017ce nie wolno niszczy\u0107 \u015brodowiska, \u017ce trzeba s\u0142ucha\u0107 Jezusa, \u017ce nie mo\u017cna popiera\u0107 zwi\u0105zk\u00f3w gejowskich, \u017ce&#8230;itd. Media \u015bwieckie i komercyjne milcz\u0105! <a href=\"http:\/\/papiez.wiara.pl\/Franciszek\/Katechezy\">Tu s\u0105 najnowsze katechezy Franciszka.<\/a><\/p>\n<p>Ja zawsze swoim parafianom m\u00f3wi\u0119 tak, gdy pytaj\u0105 mnie ile kosztuje Msza \u015bwi\u0119ta, \u015blub, chrzest? Sakramenty s\u0105 BEZCENNE! Ju\u017c Jezus&nbsp;<a href=\"https:\/\/www.cda.pl\/video\/8156437\"> Chrystus zap\u0142aci\u0142 za nie!<\/a>&nbsp;Z\u0142o\u017cy\u0142 Ofiar\u0119 z Samego Siebie za nas. Zap\u0142aci\u0142!&nbsp;<\/p>\n<p>Franciszek m\u00f3wi\u0142 na katechezie: <a href=\"http:\/\/papiez.wiara.pl\/doc\/4547623.Papiez-Chcesz-zlozyc-ofiare-Uczyn-to-ale-za-Msze-sw-sie-nie\">&#8222;Chcesz z\u0142o\u017cy\u0107 ofiar\u0119? Uczy\u0144 to&#8221;<\/a>. Eucharystia zawsze \u0142\u0105czy si\u0119 z ofiar\u0105, ka\u017cd\u0105 ofiar\u0105: p\u00f3j\u015bcia do ko\u015bcio\u0142a, wysi\u0142ku, trudu, podr\u00f3\u017cy, z\u0142o\u017cenia ofiary na r\u00f3\u017cne cele: parafialne, charytatywne, utrzymania kap\u0142ana i \u015bwi\u0105tyni &#8211; cz\u0119sto zabytkowej i obiekt\u00f3w parafialnych, wynagrodzenia za prac\u0119 obs\u0142ugi, ogrzewanie, energi\u0119, komunikanty, wino, szaty liturgiczne, pranie i prasowanie,&nbsp; wyw\u00f3z \u015bmieci, sprz\u0105tanie, piel\u0119gnacj\u0119 drzew, prowadzenie strony internetowej, utrzymanie Kurii Diecezjalnej,Wy\u017cszego Seminarium Duchownego, Szk\u00f3\u0142 Katolickich, Muzeum Diecezjalnego, Caritas, Domu Ksi\u0119\u017cy Emeryt\u00f3w, Misjonarzy, ubezpieczenia obiekt\u00f3w ko\u015bcielnych itp. Wi\u0119cej o intencjach mszalnych <a href=\"http:\/\/parafiastrzygi.pl\/kancelaria\/msze-swiete\/\">tu.<\/a><\/p>\n<p>To ile to kosztuje? Ta Msza, ten chrzest, ten pogrzeb? &#8211; pytaj\u0105 wytrwale parafianie. A \u015blub? \u015alub tyle kosztuje, ile narzeczony ceni swoj\u0105 narzeczon\u0105&#8230; Powtarzam, \u017ce nic nie kosztuje, ale sk\u0142ada si\u0119 ofiar\u0119 przy okazji sakramentu.<\/p>\n<p>Mia\u0142a racj\u0119 moja nie\u017cyj\u0105ca babcia Hela, gdy powtarza\u0142a sentencj\u0119: \u201eJaka wiara, taka ofiara\u2026\u201d<\/p>\n","protected":false},"excerpt":{"rendered":"<p>\u015awiat dzisiejszy jest przepe\u0142niony fake newsami, manipulacjami, p\u00f3\u0142prawdami. W minion\u0105 \u015brod\u0119, jak podczas ka\u017cdej audiencji generalnej, Franciszek wyg\u0142osi\u0142 katechez\u0119 dotycz\u0105c\u0105 Eucharystii. Portale Internetowe i&nbsp; \u015brodki masowego przekazu podawa\u0142y jak oszala\u0142e, \u017ce Ojciec \u015awi\u0119ty naucza, i\u017c za Msz\u0119 \u015bwi\u0119t\u0105 nie trzeba p\u0142aci\u0107! A gdy Franciszek naucza, \u017ce Niedziela to Dzie\u0144 Pa\u0144ski i trzeba go \u015bwi\u0119towa\u0107 (nie [&hellip;]<\/p>\n","protected":false},"author":1,"featured_media":0,"comment_status":"open","ping_status":"closed","sticky":false,"template":"","format":"standard","meta":{"ngg_post_thumbnail":0},"categories":[1],"tags":[],"_links":{"self":[{"href":"https:\/\/umacieja.net\/blog\/index.php?rest_route=\/wp\/v2\/posts\/4101"}],"collection":[{"href":"https:\/\/umacieja.net\/blog\/index.php?rest_route=\/wp\/v2\/posts"}],"about":[{"href":"https:\/\/umacieja.net\/blog\/index.php?rest_route=\/wp\/v2\/types\/post"}],"author":[{"embeddable":true,"href":"https:\/\/umacieja.net\/blog\/index.php?rest_route=\/wp\/v2\/users\/1"}],"replies":[{"embeddable":true,"href":"https:\/\/umacieja.net\/blog\/index.php?rest_route=%2Fwp%2Fv2%2Fcomments&post=4101"}],"version-history":[{"count":0,"href":"https:\/\/umacieja.net\/blog\/index.php?rest_route=\/wp\/v2\/posts\/4101\/revisions"}],"wp:attachment":[{"href":"https:\/\/umacieja.net\/blog\/index.php?rest_route=%2Fwp%2Fv2%2Fmedia&parent=4101"}],"wp:term":[{"taxonomy":"category","embeddable":true,"href":"https:\/\/umacieja.net\/blog\/index.php?rest_route=%2Fwp%2Fv2%2Fcategories&post=4101"},{"taxonomy":"post_tag","embeddable":true,"href":"https:\/\/umacieja.net\/blog\/index.php?rest_route=%2Fwp%2Fv2%2Ftags&post=4101"}],"curies":[{"name":"wp","href":"https:\/\/api.w.org\/{rel}","templated":true}]}}