{"id":4051,"date":"2018-02-03T21:11:07","date_gmt":"2018-02-03T19:11:07","guid":{"rendered":"http:\/\/umacieja.net\/blog\/?p=4051"},"modified":"2018-02-04T08:21:34","modified_gmt":"2018-02-04T06:21:34","slug":"ostatni-boryna","status":"publish","type":"post","link":"https:\/\/umacieja.net\/blog\/?p=4051","title":{"rendered":"Ostatni z rodu Boryn\u00f3w?"},"content":{"rendered":"<p style=\"text-align: justify;\"><a href=\"http:\/\/umacieja.net\/blog\/wp-content\/uploads\/2018\/02\/Po\u017cegnanie_103.jpg\"><img decoding=\"async\" loading=\"lazy\" class=\"wp-image-4052 alignleft\" src=\"http:\/\/umacieja.net\/blog\/wp-content\/uploads\/2018\/02\/Po\u017cegnanie_103.jpg\" alt=\"\" width=\"450\" height=\"299\" srcset=\"https:\/\/umacieja.net\/blog\/wp-content\/uploads\/2018\/02\/Po\u017cegnanie_103.jpg 600w, https:\/\/umacieja.net\/blog\/wp-content\/uploads\/2018\/02\/Po\u017cegnanie_103-300x199.jpg 300w\" sizes=\"(max-width: 450px) 100vw, 450px\" \/><\/a><\/p>\n<p><a href=\"http:\/\/umacieja.net\/blog\/wp-content\/uploads\/2018\/02\/Po\u017cegnanie_106.jpg\"><img decoding=\"async\" loading=\"lazy\" class=\" wp-image-4053\" src=\"http:\/\/umacieja.net\/blog\/wp-content\/uploads\/2018\/02\/Po\u017cegnanie_106.jpg\" alt=\"\" width=\"449\" height=\"298\" srcset=\"https:\/\/umacieja.net\/blog\/wp-content\/uploads\/2018\/02\/Po\u017cegnanie_106.jpg 600w, https:\/\/umacieja.net\/blog\/wp-content\/uploads\/2018\/02\/Po\u017cegnanie_106-300x199.jpg 300w\" sizes=\"(max-width: 449px) 100vw, 449px\" \/><\/a><\/p>\n<p>Wiele os\u00f3b prosi\u0142o mnie o publikacj\u0119 mojego po\u017cegnania +Micha\u0142a Klonowskiego, odczytanego na Jego pogrzebie przez ks. oficja\u0142a kan. Tadeusza Koz\u0142owskiego. Oto tekst:&nbsp;<\/p>\n<p>Panie Michale!<br \/>\nPrzykro mi, \u017ce nie mog\u0119 osobi\u015bcie po\u017cegna\u0107 Pana na Pana pogrzebie. To brzmi bardzo dziwnie, bo kto by si\u0119 spodziewa\u0142 pogrzebu Micha\u0142a zawsze \u017cyj\u0105cego i radosnego\u2026.?<br \/>\nSmutno mi si\u0119 zrobi\u0142o, gdy us\u0142ysza\u0142em o tej przykrej nowinie. Nie mog\u0119 by\u0107 tu i teraz, bo mam zaplanowane zaj\u0119cia duszpasterskie: lekcje religii, wizyt\u0119 duszpastersk\u0105. Ale odprawi\u0119 Eucharysti\u0119 za Pana w najbli\u017csz\u0105 sobot\u0119 w moim ko\u015bciele w Strzygach o g. 16.00.<br \/>\nBy\u0142 Pan, jest i b\u0119dzie dla mnie Wielkim Cz\u0142owiekiem! Tak jak w tym wierszu Adama Asnyka: \u201eJeste\u015b wielkim cz\u0142owiekiem: b\u0105d\u017a nim gdzie nale\u017cy,<br \/>\n<em>Lecz do \u015bmiertelnych przychod\u017a w zwyczajnej odzie\u017cy;<\/em><br \/>\n<em> Bierz za przyk\u0142ad Jowisza, co, cho\u0107 gromow\u0142adny,<\/em><br \/>\n<em> W dom \u015bmiertelnych przychodzi\u0142 grzeczny i uk\u0142adny,<\/em><br \/>\n<em> Nie chc\u0105c zbyt \u017cywym blaskiem olimpijskiej chwa\u0142y<\/em><br \/>\n<em> Razi\u0107 biednej ludzko\u015bci wzrok niedoskona\u0142y.<\/em><br \/>\n<em> Wi\u0119c i ty, kiedy schodzisz w towarzystwo ludzi,<\/em><br \/>\n<em> Nie bierz ze sob\u0105 gromu, kt\u00f3ry postrach budzi,<\/em><br \/>\n<em> Nie przyno\u015b orlich spojrze\u0144, tytanicznych postaw \u2014<\/em><br \/>\n<em> Lecz wielko\u015b\u0107 z kaloszami w przedpokoju zostaw!\u201d<\/em><br \/>\nPanie Michale! Rozmawia\u0142em ostatnio z Panem w Wigili\u0119 Bo\u017cego Narodzenia, gdy Pan zadzwoni\u0142 do mnie i sk\u0142ada\u0142 \u017cyczenia dla mnie i mojej Mamy. Zaprosi\u0142em Pana w odwiedziny do Strzyg. Pan odpowiedzia\u0142, \u017ce jeszcze nie teraz, bo serce otwarte i krwawi\u2026 Ale jak si\u0119 zagoi rana, to Pan wtedy przyjedzie do mnie. Czekam wi\u0119c na Pana wizyt\u0119! Pan zosta\u0142 ju\u017c zaproszony na Uczt\u0119 w Niebie, my jeszcze jeste\u015bmy oczekiwani! Czy rana ju\u017c zagojona?<br \/>\nZawsze b\u0119d\u0119 wspomina\u0142 Pana z wielk\u0105 \u017cyczliwo\u015bci\u0105! B\u0119dzie Pan dla mnie takim prawdziwym Boryn\u0105 z Ch\u0142op\u00f3w Reymonta, kt\u00f3ry by\u0142 zakochany w Bogu, w ziemi ojczystej, w rodzinie, w Ko\u015bciele. Wspominam dzisiaj, jak Pan zadzwoni\u0142 kiedy\u015b na pocz\u0105tku sierpnia po \u017cniwach: zameldowa\u0142 Pan, \u017ce u Niego ju\u017c po \u017cniwach. Podzi\u0119kowa\u0142 za modlitw\u0119 o dobr\u0105 pogod\u0119 i urodzaj. Rzeczywi\u015bcie pogoda dopisywa\u0142a wtedy. W lipcu Pan B\u00f3g podlewa\u0142, a w sierpniu pozwala\u0142 spokojnie zebra\u0107 chleb z p\u00f3l. Cieszy\u0142 si\u0119 Pan, \u017ce Z-BO\u017bE dobrze sypa\u0142o. Przeprosi\u0142, \u017ce musia\u0142 zbiera\u0107 plony w niedziel\u0119 po po\u0142udniu. Ale widzia\u0142em Pana na porannej Mszy \u015bw. Zawsze powtarza\u0142 Pan za psalmist\u0105, \u017ce \u201ena nic si\u0119 zda wstawa\u0107 o p\u00f3\u0142nocy, je\u015bli nie masz Pa\u0144skiej pomocy\u2026\u201d.<br \/>\nDzi\u0119kuj\u0119 za ka\u017cde dobro s\u0142owo, za trosk\u0119 o parafi\u0119, plebani\u0119, i moj\u0105 Mam\u0119. Um\u00f3wili\u015bmy si\u0119, \u017ce je\u015bli moja Mama b\u0119dzie my\u0107 okna na plebanii i Pan to zobaczy, to prosi\u0142em, aby dzwoni\u0107 na Policj\u0119. I Pan pami\u0119ta\u0142 o tym i grozi\u0142 mojej Mamie, \u017ce po drabinie wchodzi, aby nie po\u0142ama\u0142a si\u0119!<br \/>\nDzi\u0119kuj\u0119 za ka\u017cde \u017cyczenia \u015bpiewane i recytowane, za ka\u017cdy dar \u017cyczliwo\u015bci, za dzielenie si\u0119 \u015bwiadectwem \u017cycia, wiar\u0105, modlitw\u0105, \u017cywno\u015bci\u0105. Ka\u017cd\u0105 prac\u0119 w gospodarstwie Pan rozpoczyna\u0142 modlitw\u0105. By\u0142 Pan do ta\u0144ca i do r\u00f3\u017ca\u0144ca! I Obraz Matki Boskiej Cz\u0119stochowskiej powita\u0142 Pan uroczy\u015bcie.<br \/>\nBy\u0142 Pan Gospodarzem, kt\u00f3ry u\u0142o\u017cy\u0142 specjaln\u0105 piosenk\u0119 na kol\u0119d\u0119 i j\u0105 za\u015bpiewa\u0142, w\u0105sem zakr\u0119ci\u0142 i po m\u0119sku \u017cyczy\u0142 zdrowia, \u017bona jak Pan do Niej i o Niej M\u00f3wi\u0142: \u201eMirusia\u201d pocz\u0119stowa\u0142a pysznym obiadem, wnuczek powiedzia\u0142 paciorek\u2026<br \/>\nPotrzebujemy dzisiaj takich jak Pan ludzi: twardzieli, ludzi wiary, Boryn\u00f3w, nie mi\u0119czak\u00f3w!<br \/>\nPanie Michale \u2013 dzi\u0119kuj\u0119 za Pana \u015bwiadectwo, pomimo wszystko\u2026Zostaniesz Wielkim Cz\u0142owiekiem!<br \/>\nKs. Maciej Jastrz\u0119bski, proboszcz parafii \u015bw. Stanis\u0142awa BM w Strzygach i moja Mama J\u00f3zefa<br \/>\nObiecujemy modlitw\u0119!<\/p>\n","protected":false},"excerpt":{"rendered":"<p>Wiele os\u00f3b prosi\u0142o mnie o publikacj\u0119 mojego po\u017cegnania +Micha\u0142a Klonowskiego, odczytanego na Jego pogrzebie przez ks. oficja\u0142a kan. Tadeusza Koz\u0142owskiego. Oto tekst:&nbsp; Panie Michale! Przykro mi, \u017ce nie mog\u0119 osobi\u015bcie po\u017cegna\u0107 Pana na Pana pogrzebie. To brzmi bardzo dziwnie, bo kto by si\u0119 spodziewa\u0142 pogrzebu Micha\u0142a zawsze \u017cyj\u0105cego i radosnego\u2026.? Smutno mi si\u0119 zrobi\u0142o, gdy [&hellip;]<\/p>\n","protected":false},"author":1,"featured_media":0,"comment_status":"open","ping_status":"closed","sticky":false,"template":"","format":"standard","meta":{"ngg_post_thumbnail":0},"categories":[1],"tags":[],"_links":{"self":[{"href":"https:\/\/umacieja.net\/blog\/index.php?rest_route=\/wp\/v2\/posts\/4051"}],"collection":[{"href":"https:\/\/umacieja.net\/blog\/index.php?rest_route=\/wp\/v2\/posts"}],"about":[{"href":"https:\/\/umacieja.net\/blog\/index.php?rest_route=\/wp\/v2\/types\/post"}],"author":[{"embeddable":true,"href":"https:\/\/umacieja.net\/blog\/index.php?rest_route=\/wp\/v2\/users\/1"}],"replies":[{"embeddable":true,"href":"https:\/\/umacieja.net\/blog\/index.php?rest_route=%2Fwp%2Fv2%2Fcomments&post=4051"}],"version-history":[{"count":0,"href":"https:\/\/umacieja.net\/blog\/index.php?rest_route=\/wp\/v2\/posts\/4051\/revisions"}],"wp:attachment":[{"href":"https:\/\/umacieja.net\/blog\/index.php?rest_route=%2Fwp%2Fv2%2Fmedia&parent=4051"}],"wp:term":[{"taxonomy":"category","embeddable":true,"href":"https:\/\/umacieja.net\/blog\/index.php?rest_route=%2Fwp%2Fv2%2Fcategories&post=4051"},{"taxonomy":"post_tag","embeddable":true,"href":"https:\/\/umacieja.net\/blog\/index.php?rest_route=%2Fwp%2Fv2%2Ftags&post=4051"}],"curies":[{"name":"wp","href":"https:\/\/api.w.org\/{rel}","templated":true}]}}