{"id":4038,"date":"2018-01-16T11:32:07","date_gmt":"2018-01-16T09:32:07","guid":{"rendered":"http:\/\/umacieja.net\/blog\/?p=4038"},"modified":"2018-01-16T11:36:33","modified_gmt":"2018-01-16T09:36:33","slug":"nie-byl-mieczakiem","status":"publish","type":"post","link":"https:\/\/umacieja.net\/blog\/?p=4038","title":{"rendered":"Nie by\u0142 mi\u0119czakiem"},"content":{"rendered":"<p><a href=\"http:\/\/umacieja.net\/blog\/wp-content\/uploads\/2018\/01\/IMG_20180111_170724.jpg\"><img decoding=\"async\" loading=\"lazy\" class=\"aligncenter wp-image-4039\" src=\"http:\/\/umacieja.net\/blog\/wp-content\/uploads\/2018\/01\/IMG_20180111_170724-1024x768.jpg\" alt=\"\" width=\"496\" height=\"372\" srcset=\"https:\/\/umacieja.net\/blog\/wp-content\/uploads\/2018\/01\/IMG_20180111_170724-1024x768.jpg 1024w, https:\/\/umacieja.net\/blog\/wp-content\/uploads\/2018\/01\/IMG_20180111_170724-300x225.jpg 300w, https:\/\/umacieja.net\/blog\/wp-content\/uploads\/2018\/01\/IMG_20180111_170724-768x576.jpg 768w\" sizes=\"(max-width: 496px) 100vw, 496px\" \/><\/a><br \/>\nTakie obrazy spotka\u0142em podczas wizyty duszpasterskiej w jednym z dom\u00f3w w parafii: \u015bw. Barbary i \u015bw. Stanis\u0142awa Kostki. Ten mniejszy obrazek rzadziej jest spotykany w naszych domach. Tym bardziej zwr\u00f3ci\u0142em na niego uwag\u0119, gdy\u017c rozpocz\u0119li\u015bmy Rok \u015awi\u0119tego Stanis\u0142awa Kostki, kt\u00f3ry przecie\u017c mia\u0142 ulubione nabo\u017ce\u0144stwo akurat do \u015bw. Barbary i lubi\u0142 si\u0119 modli\u0107. W II Niedziel\u0119 Zwyk\u0142\u0105 czytali\u015bmy wyj\u0105tkowo udany <a href=\"http:\/\/diecezjaplocka.pl\/dla-ksiezy\/okolnik\/okolnik-12018\">list Episkopatu Polski na Rok \u015awi\u0119tego Stanis\u0142awa Kostki<\/a>. Warto wraca\u0107 do jego tre\u015bci nie tylko w Roku Jubileuszowym.&nbsp;<\/p>\n<p>Podziel\u0119 si\u0119 kilkoma refleksjami kol\u0119dowymi. Spotka\u0142em prawdziwych twardzieli i ludzi wiary, kt\u00f3rzy nie s\u0105 mi\u0119czakami:<\/p>\n<ul style=\"list-style-type: circle;\">\n<li>Kobieta, kt\u00f3ra zwr\u00f3ci\u0142a uwag\u0119 m\u0142odej dziewczynie z pokolenia smartfon\u00f3w, aby nie wysy\u0142a\u0142a sms-a na Mszy podczas Komunii, zareagowa\u0142a, gdy kto\u015b rzuca\u0142 \u015bmieci pod parkan na cmentarzu, zamiast do kontenera.<\/li>\n<li>Pochylona kobieta, kt\u00f3r\u0105 boli to, \u017ce nie ma z kim jecha\u0107 do ko\u015bcio\u0142a, chocia\u017c mieszka z synem i wnukami<\/li>\n<li>Parafianie, kt\u00f3rzy podczas wizyty duszpasterskiej odwa\u017c\u0105 si\u0119 przygotowa\u0107 i przeczyta\u0107 fragment Biblii. I w\u0142a\u015bnie wtedy to S\u0142owo Bo\u017ce z moc\u0105 rodzi si\u0119!<\/li>\n<li>Rodzice, kt\u00f3rzy nie pozwalaj\u0105 swoim dzieciom zamieszka\u0107 razem jeszcze przed \u015blubem &#8211; na pr\u00f3b\u0119. Bo &#8222;nie \u017cyje si\u0119, nie kocha si\u0119 i nie umiera na pr\u00f3b\u0119&#8221; jak naucza\u0142 \u015bw. Jan Pawe\u0142 II.<\/li>\n<li>M\u0142odzi ludzie, kt\u00f3rzy przyj\u0119li sakrament bierzmowania i s\u0105 w Ko\u015bciele, przyjmuj\u0105 Komuni\u0119, czytaj\u0105 S\u0142owo Bo\u017ce, praktykuj\u0105 swoj\u0105 wiar\u0119 i karmi\u0105 j\u0105 modlitw\u0105.<\/li>\n<li>Katolicy, kt\u00f3rzy potrafi\u0105 zatrzyma\u0107 si\u0119 w p\u0119dz\u0105cym \u015bwiecie, znajd\u0105 czas na adoracj\u0119, na rekolekcje, zachowuj\u0105 post, \u015bwi\u0119tuj\u0105 Dzie\u0144 Pa\u0144ski i nie robi\u0105 zakup\u00f3w w niedziele.<\/li>\n<li>Rodzice, kt\u00f3rzy podj\u0119li codzienn\u0105 modlitw\u0119 <a href=\"http:\/\/parafiastrzygi.pl\/rozaniec-rodzicow-za-dzieci\/\">r\u00f3\u017ca\u0144cow\u0105 za swoje dzieci<\/a>.<\/li>\n<li>Cz\u0142onkowie Akcji Katolickiej i Rodzice, kt\u00f3rzy organizuj\u0105 bale charytatywne, loterie, <a href=\"http:\/\/parafiastrzygi.pl\/ogloszenia-ii-niedziela-zwykla-14-01-2018\/\">ferie i wakacje dla dzieci&nbsp;<\/a><\/li>\n<li>Pielgrzymi, kt\u00f3rzy znajd\u0105 czas na w\u0119dr\u00f3wk\u0119 \u015bladami Jezusa, Maryi i \u015bwi\u0119tych.<\/li>\n<li>Parafianie, kt\u00f3rzy buduj\u0105 swoj\u0105 wsp\u00f3lnot\u0119 parafialn\u0105 zaanga\u017cowaniem, dobrym s\u0142owem, przyk\u0142adem, trosk\u0105, ofiar\u0105, dzieleniem si\u0119, a nie ci\u0105g\u0142ym ujadaniem i szukaniem dziury w ca\u0142ym.&nbsp;<\/li>\n<li>&#8222;Czujni ogrodnicy wyrywaj\u0105cy&nbsp;chwasty s\u0142abo\u015bci i grzechu, aby wyros\u0142y pi\u0119kne kwiaty i owoce&#8221;.<\/li>\n<\/ul>\n<iframe width=\"500\" height=\"375\" src=\"https:\/\/www.youtube.com\/embed\/K7LIop1eMwE?feature=oembed\" frameborder=\"0\" allow=\"autoplay; encrypted-media\" allowfullscreen><\/iframe>\n","protected":false},"excerpt":{"rendered":"<p>Takie obrazy spotka\u0142em podczas wizyty duszpasterskiej w jednym z dom\u00f3w w parafii: \u015bw. Barbary i \u015bw. Stanis\u0142awa Kostki. Ten mniejszy obrazek rzadziej jest spotykany w naszych domach. Tym bardziej zwr\u00f3ci\u0142em na niego uwag\u0119, gdy\u017c rozpocz\u0119li\u015bmy Rok \u015awi\u0119tego Stanis\u0142awa Kostki, kt\u00f3ry przecie\u017c mia\u0142 ulubione nabo\u017ce\u0144stwo akurat do \u015bw. Barbary i lubi\u0142 si\u0119 modli\u0107. W II Niedziel\u0119 [&hellip;]<\/p>\n","protected":false},"author":1,"featured_media":0,"comment_status":"open","ping_status":"closed","sticky":false,"template":"","format":"standard","meta":{"ngg_post_thumbnail":0},"categories":[1],"tags":[],"_links":{"self":[{"href":"https:\/\/umacieja.net\/blog\/index.php?rest_route=\/wp\/v2\/posts\/4038"}],"collection":[{"href":"https:\/\/umacieja.net\/blog\/index.php?rest_route=\/wp\/v2\/posts"}],"about":[{"href":"https:\/\/umacieja.net\/blog\/index.php?rest_route=\/wp\/v2\/types\/post"}],"author":[{"embeddable":true,"href":"https:\/\/umacieja.net\/blog\/index.php?rest_route=\/wp\/v2\/users\/1"}],"replies":[{"embeddable":true,"href":"https:\/\/umacieja.net\/blog\/index.php?rest_route=%2Fwp%2Fv2%2Fcomments&post=4038"}],"version-history":[{"count":0,"href":"https:\/\/umacieja.net\/blog\/index.php?rest_route=\/wp\/v2\/posts\/4038\/revisions"}],"wp:attachment":[{"href":"https:\/\/umacieja.net\/blog\/index.php?rest_route=%2Fwp%2Fv2%2Fmedia&parent=4038"}],"wp:term":[{"taxonomy":"category","embeddable":true,"href":"https:\/\/umacieja.net\/blog\/index.php?rest_route=%2Fwp%2Fv2%2Fcategories&post=4038"},{"taxonomy":"post_tag","embeddable":true,"href":"https:\/\/umacieja.net\/blog\/index.php?rest_route=%2Fwp%2Fv2%2Ftags&post=4038"}],"curies":[{"name":"wp","href":"https:\/\/api.w.org\/{rel}","templated":true}]}}