{"id":4006,"date":"2017-12-15T20:13:27","date_gmt":"2017-12-15T18:13:27","guid":{"rendered":"http:\/\/umacieja.net\/blog\/?p=4006"},"modified":"2017-12-16T23:10:00","modified_gmt":"2017-12-16T21:10:00","slug":"adwentowe-uczynki","status":"publish","type":"post","link":"https:\/\/umacieja.net\/blog\/?p=4006","title":{"rendered":"Adwentowe uczynki: &#8222;Jeste\u015bmy nape\u0142nieni Duchem \u015awi\u0119tym!&#8221;"},"content":{"rendered":"<p><a href=\"http:\/\/umacieja.net\/blog\/wp-content\/uploads\/2017\/12\/Kolumb_026.jpg\"><img decoding=\"async\" loading=\"lazy\" class=\"aligncenter wp-image-4007\" src=\"http:\/\/umacieja.net\/blog\/wp-content\/uploads\/2017\/12\/Kolumb_026.jpg\" alt=\"\" width=\"500\" height=\"333\" srcset=\"https:\/\/umacieja.net\/blog\/wp-content\/uploads\/2017\/12\/Kolumb_026.jpg 600w, https:\/\/umacieja.net\/blog\/wp-content\/uploads\/2017\/12\/Kolumb_026-300x200.jpg 300w\" sizes=\"(max-width: 500px) 100vw, 500px\" \/><\/a><br \/>\nW drugi dzie\u0144 adwentu wyruszy\u0142em na odrobek spowiedzi w parafii Okalewo. Rano spad\u0142 \u015bnieg, zrobi\u0142o si\u0119 bia\u0142o. \u017beby nie wje\u017cd\u017ca\u0107 do Rypina (bo trzeba przejecha\u0107 ca\u0142e miasto i zmarnowa\u0107 du\u017co czasu), postanowi\u0142em pojecha\u0107 na skr\u00f3ty. Obecny rok jest bardzo mokry. Woda stoi na polach i rolnicy nie mog\u0105 wsz\u0119dzie dojecha\u0107. Zjecha\u0142em z drogi asfaltowej na poln\u0105. Przede mn\u0105 pojawi\u0142a si\u0119 wielka ka\u0142u\u017ca, wi\u0119c odruchowo skr\u0119cam w lewo, aby j\u0105 omin\u0105\u0107. Wjecha\u0142em na pole przysypane \u015bniegiem i stoj\u0119. Ugrz\u0105z\u0142em w b\u0142ocie: ani do przodu, ani do ty\u0142u! Przykre uczucie&#8230;Wyszed\u0142em wi\u0119c i szukam pomocy. Id\u0119 w sutannie do gospodarza, ubrudzony w b\u0142ocie prawie do kolan. Spotykam cz\u0142owieka i uprzedzam, \u017ce to nie jest kol\u0119da, ale potrzebuj\u0119 pomocy &#8211; a w\u0142a\u015bciwie to m\u00f3j samoch\u00f3d! Pierwsza pr\u00f3ba wypchania samochodu przez dw\u00f3ch m\u0119\u017cczyzn nie powiod\u0142a si\u0119. Trzeba by\u0142o odpali\u0107 ci\u0105gnik, kt\u00f3ry bez problemu poradzi\u0142 sobie z moim problemem b\u0142otnym. By\u0142em bardzo wdzi\u0119czny TYM ludziom za okazany dobry uczynek i bezinteresown\u0105 pomoc w trudnej sytuacji.<\/p>\n<p>Nast\u0119pnego dnia rano wyje\u017cd\u017cam na spowied\u017a do Sad\u0142owa, otwieram bram\u0119 i widz\u0119, \u017ce kto\u015b macha do mnie i co\u015b m\u00f3wi. Podchodz\u0119 i poznaj\u0119 m\u0142od\u0105 kobiet\u0119 z poprzedniej parafii. Stoi przy samochodzie z ma\u0142ym dzieckiem i partnerem. &#8222;Paliwa zabrak\u0142o nam, proboszczu ratuj!&#8221;. Mia\u0142em troch\u0119 paliwa do kosiarek w kanistrach, wi\u0119c ch\u0119tnie podarowa\u0142em. Dobro trzeba pomna\u017ca\u0107&#8230; pomy\u015bla\u0142em po wczorajszej akcji! Um\u00f3wili\u015bmy si\u0119 na inny czas, bo obowi\u0105zki nie pozwoli\u0142y d\u0142u\u017cej pogada\u0107.<\/p>\n<p>Taki to jest nasz adwentowy Pan B\u00f3g; uczy dobroci, za kt\u00f3r\u0105 cz\u0142owiek tak bardzo t\u0119skni. Tak naprawd\u0119 to dzisiejsi chrze\u015bcijanie s\u0105 wra\u017cliwi na drugiego cz\u0142owieka. Widz\u0119 to po takich akcjach: dodatkowych zbi\u00f3rkach np. dla Ko\u015bcio\u0142a na Wschodzie, dla prze\u015bladowanych chrze\u015bcijan, przy zakupie \u015bwiec wigilijnych, przy kr\u0119ceniu waty cukrowej na rehabilitacje druha Ma\u0107ka, gdy rodzice i nauczyciele organizuj\u0105 bale charytatywne dla chorych dzieci, zbieraj\u0105 nakr\u0119tki dla nich, organizuj\u0105 Akcj\u0119 Katolick\u0105 z r\u00f3\u017cnymi sekcjami, zwo\u0142uj\u0105 ch\u00f3r, ko\u015bci\u00f3\u0142 udekoruj\u0105 na \u015bwi\u0119ta, podziel\u0105 si\u0119 z proboszczem wiejskimi jajami i swojskimi wyrobami,&nbsp;<a href=\"http:\/\/parafiastrzygi.pl\/rozaniec-rodzicow-za-dzieci\/\">podejmuj\u0105 modlitw\u0119 r\u00f3\u017ca\u0144cow\u0105 za swoje i nieswoje dzieci.<\/a>&nbsp;Bo jeste\u015bmy nape\u0142nieni Duchem \u015awi\u0119tym przecie\u017c!<\/p>\n<p>A dobro powraca do cz\u0142owieka powi\u0119kszone!<\/p>\n<p>To jest konkretne dobro, o kt\u00f3rym si\u0119 nie m\u00f3wi, bo ono nie krzyczy i nie wrzeszczy&#8230;Warto w tym kontek\u015bcie przeczyta\u0107 jeden z ostatnich wierszy Tadeusza R\u00f3\u017cewicza&#8221;<a href=\"http:\/\/wiersze.doktorzy.pl\/odnalezc.htm\"> Odnale\u017a\u0107 samego siebie.<\/a><\/p>\n<p>B\u0105d\u017acie pozdrowieni NADWRA\u017bLIWI:<a href=\"https:\/\/www.youtube.com\/watch?v=NE_rj9PGPJo\">https:\/\/www.youtube.com\/watch?v=NE_rj9PGPJo<\/a><\/p>\n<p>&nbsp;<\/p>\n","protected":false},"excerpt":{"rendered":"<p>W drugi dzie\u0144 adwentu wyruszy\u0142em na odrobek spowiedzi w parafii Okalewo. Rano spad\u0142 \u015bnieg, zrobi\u0142o si\u0119 bia\u0142o. \u017beby nie wje\u017cd\u017ca\u0107 do Rypina (bo trzeba przejecha\u0107 ca\u0142e miasto i zmarnowa\u0107 du\u017co czasu), postanowi\u0142em pojecha\u0107 na skr\u00f3ty. Obecny rok jest bardzo mokry. Woda stoi na polach i rolnicy nie mog\u0105 wsz\u0119dzie dojecha\u0107. Zjecha\u0142em z drogi asfaltowej na [&hellip;]<\/p>\n","protected":false},"author":1,"featured_media":0,"comment_status":"open","ping_status":"closed","sticky":false,"template":"","format":"standard","meta":{"ngg_post_thumbnail":0},"categories":[1],"tags":[],"_links":{"self":[{"href":"https:\/\/umacieja.net\/blog\/index.php?rest_route=\/wp\/v2\/posts\/4006"}],"collection":[{"href":"https:\/\/umacieja.net\/blog\/index.php?rest_route=\/wp\/v2\/posts"}],"about":[{"href":"https:\/\/umacieja.net\/blog\/index.php?rest_route=\/wp\/v2\/types\/post"}],"author":[{"embeddable":true,"href":"https:\/\/umacieja.net\/blog\/index.php?rest_route=\/wp\/v2\/users\/1"}],"replies":[{"embeddable":true,"href":"https:\/\/umacieja.net\/blog\/index.php?rest_route=%2Fwp%2Fv2%2Fcomments&post=4006"}],"version-history":[{"count":0,"href":"https:\/\/umacieja.net\/blog\/index.php?rest_route=\/wp\/v2\/posts\/4006\/revisions"}],"wp:attachment":[{"href":"https:\/\/umacieja.net\/blog\/index.php?rest_route=%2Fwp%2Fv2%2Fmedia&parent=4006"}],"wp:term":[{"taxonomy":"category","embeddable":true,"href":"https:\/\/umacieja.net\/blog\/index.php?rest_route=%2Fwp%2Fv2%2Fcategories&post=4006"},{"taxonomy":"post_tag","embeddable":true,"href":"https:\/\/umacieja.net\/blog\/index.php?rest_route=%2Fwp%2Fv2%2Ftags&post=4006"}],"curies":[{"name":"wp","href":"https:\/\/api.w.org\/{rel}","templated":true}]}}